{"id":65715,"date":"2026-01-31T09:56:38","date_gmt":"2026-01-31T12:56:38","guid":{"rendered":"https:\/\/elurbanoweb.com.ar\/diario\/?p=65715"},"modified":"2026-01-31T09:56:38","modified_gmt":"2026-01-31T12:56:38","slug":"paula-canepa-estamos-en-alerta-naranja-y-monitoreando-permanentemente-la-zona","status":"publish","type":"post","link":"http:\/\/elurbanoweb.com.ar\/diario\/paula-canepa-estamos-en-alerta-naranja-y-monitoreando-permanentemente-la-zona\/","title":{"rendered":"Paula C\u00e1nepa: \u201cEstamos en alerta naranja y monitoreando permanentemente la zona\u201d"},"content":{"rendered":"<p>Paula C\u00e1nepa, intendenta de Las Termas de R\u00edo Hondo recibi\u00f3 a Omar y Guille con el m\u00f3vil de La Ma\u00f1ana de Info para hablar sobre la crecida del r\u00edo Dulce y c\u00f3mo est\u00e1n trabajando para morigerar el impacto en la ciudad.<\/p>\n<p><img loading=\"lazy\" decoding=\"async\" class=\"alignnone wp-image-65716 size-large\" src=\"http:\/\/elurbanoweb.com.ar\/diario\/wp-content\/uploads\/2026\/01\/paula1-1024x684.jpg\" alt=\"\" width=\"1024\" height=\"684\" srcset=\"http:\/\/elurbanoweb.com.ar\/diario\/wp-content\/uploads\/2026\/01\/paula1-1024x684.jpg 1024w, http:\/\/elurbanoweb.com.ar\/diario\/wp-content\/uploads\/2026\/01\/paula1-300x200.jpg 300w, http:\/\/elurbanoweb.com.ar\/diario\/wp-content\/uploads\/2026\/01\/paula1-150x100.jpg 150w, http:\/\/elurbanoweb.com.ar\/diario\/wp-content\/uploads\/2026\/01\/paula1-1536x1026.jpg 1536w, http:\/\/elurbanoweb.com.ar\/diario\/wp-content\/uploads\/2026\/01\/paula1.jpg 2048w\" sizes=\"auto, (max-width: 1024px) 100vw, 1024px\" \/><\/p>\n<p><!--more--><\/p>\n<p>\u201cSe est\u00e1 monitoreando la zona continuamente con todo el equipo de Protecci\u00f3n Civil junto con la Polic\u00eda\u201d, explic\u00f3 y dijo que es necesario llevar \u201ctranquilidad a la poblaci\u00f3n, pese a que hay mucha erogaci\u00f3n desde Tucum\u00e1n y de Salta\u201d, coment\u00f3.<\/p>\n<p>El \u00faltimo reporte indic\u00f3 998 metros c\u00fabicos erogados por segundo, con un aporte de 1055 metros c\u00fabicos. \u201cEstamos en alerta naranja seg\u00fan me explicaba el jefe de Protecci\u00f3n Civil que est\u00e1n haciendo un trabajo arduo, todo el tiempo en continuo movimiento\u201d, coment\u00f3.<\/p>\n<p>Adem\u00e1s descart\u00f3 que haya viviendas afectadas actualmente, aunque se realizan relevamientos y controles en las zonas bajas. \u201cSe ha tomado la precauci\u00f3n de cerrar el dique del r\u00edo\u201d, remarc\u00f3.<\/p>\n<p>Asimismo dijo que est\u00e1n desmintiendo fake news constantemente y pidi\u00f3 tomar conciencia y guiarse de lo que se publica en canales oficiales. \u201cVamos a llamar a la conciencia y pedirles que dejen de difundir estos videos\u201d, dijo.<\/p>\n","protected":false},"excerpt":{"rendered":"<p>Paula C\u00e1nepa, intendenta de Las Termas de R\u00edo Hondo recibi\u00f3 a Omar y Guille con el m\u00f3vil de La Ma\u00f1ana de Info para hablar sobre la crecida del r\u00edo Dulce&hellip; <\/p>\n","protected":false},"author":1,"featured_media":65716,"comment_status":"closed","ping_status":"closed","sticky":false,"template":"","format":"standard","meta":{"footnotes":""},"categories":[10],"tags":[],"class_list":["post-65715","post","type-post","status-publish","format-standard","has-post-thumbnail","hentry","category-interior"],"_links":{"self":[{"href":"http:\/\/elurbanoweb.com.ar\/diario\/wp-json\/wp\/v2\/posts\/65715","targetHints":{"allow":["GET"]}}],"collection":[{"href":"http:\/\/elurbanoweb.com.ar\/diario\/wp-json\/wp\/v2\/posts"}],"about":[{"href":"http:\/\/elurbanoweb.com.ar\/diario\/wp-json\/wp\/v2\/types\/post"}],"author":[{"embeddable":true,"href":"http:\/\/elurbanoweb.com.ar\/diario\/wp-json\/wp\/v2\/users\/1"}],"replies":[{"embeddable":true,"href":"http:\/\/elurbanoweb.com.ar\/diario\/wp-json\/wp\/v2\/comments?post=65715"}],"version-history":[{"count":1,"href":"http:\/\/elurbanoweb.com.ar\/diario\/wp-json\/wp\/v2\/posts\/65715\/revisions"}],"predecessor-version":[{"id":65717,"href":"http:\/\/elurbanoweb.com.ar\/diario\/wp-json\/wp\/v2\/posts\/65715\/revisions\/65717"}],"wp:featuredmedia":[{"embeddable":true,"href":"http:\/\/elurbanoweb.com.ar\/diario\/wp-json\/wp\/v2\/media\/65716"}],"wp:attachment":[{"href":"http:\/\/elurbanoweb.com.ar\/diario\/wp-json\/wp\/v2\/media?parent=65715"}],"wp:term":[{"taxonomy":"category","embeddable":true,"href":"http:\/\/elurbanoweb.com.ar\/diario\/wp-json\/wp\/v2\/categories?post=65715"},{"taxonomy":"post_tag","embeddable":true,"href":"http:\/\/elurbanoweb.com.ar\/diario\/wp-json\/wp\/v2\/tags?post=65715"}],"curies":[{"name":"wp","href":"https:\/\/api.w.org\/{rel}","templated":true}]}}