{"id":65718,"date":"2026-01-31T09:59:06","date_gmt":"2026-01-31T12:59:06","guid":{"rendered":"https:\/\/elurbanoweb.com.ar\/diario\/?p=65718"},"modified":"2026-01-31T09:59:06","modified_gmt":"2026-01-31T12:59:06","slug":"capacitacion-sobre-quemaduras-infantiles-salud-mental-y-primeros-auxilios-en-campo-gallo","status":"publish","type":"post","link":"http:\/\/elurbanoweb.com.ar\/diario\/capacitacion-sobre-quemaduras-infantiles-salud-mental-y-primeros-auxilios-en-campo-gallo\/","title":{"rendered":"Capacitaci\u00f3n sobre quemaduras infantiles, salud mental y primeros auxilios en Campo Gallo"},"content":{"rendered":"<p>Este s\u00e1bado 31 de enero se llevar\u00e1 a cabo la primera jornada de capacitaci\u00f3n en el nuevo Hospital de Campo Gallo y su zona de influencia. La actividad contar\u00e1 con la participaci\u00f3n de personal de la Cruz Roja, m\u00e9dicos y t\u00e9cnicos en emergencias, y se desarrollar\u00e1 entre las 8 y las 11 de la ma\u00f1ana.<\/p>\n<p><img loading=\"lazy\" decoding=\"async\" class=\"alignnone wp-image-65719 size-full\" src=\"http:\/\/elurbanoweb.com.ar\/diario\/wp-content\/uploads\/2026\/01\/auxilios.jpg\" alt=\"\" width=\"1024\" height=\"683\" srcset=\"http:\/\/elurbanoweb.com.ar\/diario\/wp-content\/uploads\/2026\/01\/auxilios.jpg 1024w, http:\/\/elurbanoweb.com.ar\/diario\/wp-content\/uploads\/2026\/01\/auxilios-300x200.jpg 300w, http:\/\/elurbanoweb.com.ar\/diario\/wp-content\/uploads\/2026\/01\/auxilios-150x100.jpg 150w\" sizes=\"auto, (max-width: 1024px) 100vw, 1024px\" \/><\/p>\n<p><!--more--><\/p>\n<p>Durante la jornada se brindar\u00e1 una capacitaci\u00f3n sobre atenci\u00f3n inicial del ni\u00f1o con quemaduras, a cargo de la m\u00e9dica Fanny Rond\u00f3n. En ese espacio se abordar\u00e1 c\u00f3mo reconocer los casos que requieren derivaci\u00f3n, cu\u00e1les necesitan atenci\u00f3n especializada, cu\u00e1les pueden resolverse a nivel local y se realizar\u00e1 una demostraci\u00f3n de los m\u00e9todos m\u00e1s adecuados para la atenci\u00f3n inicial.<\/p>\n<p>Adem\u00e1s, se ofrecer\u00e1 una charla sobre salud mental y apoyo psicosocial, junto a un taller pr\u00e1ctico de vendajes, donde los participantes podr\u00e1n aplicar los contenidos aprendidos. Estas actividades estar\u00e1n a cargo de la psic\u00f3loga Carla Colque y la instructora de SMAPS Amina Lladhon.<\/p>\n<p>Entre las 11.15 y las 12.15 se brindar\u00e1n pautas de prevenci\u00f3n dirigidas al personal m\u00e9dico y sanitario, con el objetivo de que puedan transmitirlas a las familias y pacientes como agentes multiplicadores. Este espacio estar\u00e1 a cargo del t\u00e9cnico universitario en emergencias m\u00e9dicas y bombero Francisco Guerrero.<\/p>\n<p>Finalmente, a partir de las 13 horas, se invita a toda la comunidad a acercarse al hospital, donde se habilitar\u00e1 un espacio con juegos para ni\u00f1os y se compartir\u00e1n pautas de prevenci\u00f3n y primeros auxilios, en una propuesta abierta pensada para toda la familia.<\/p>\n","protected":false},"excerpt":{"rendered":"<p>Este s\u00e1bado 31 de enero se llevar\u00e1 a cabo la primera jornada de capacitaci\u00f3n en el nuevo Hospital de Campo Gallo y su zona de influencia. La actividad contar\u00e1 con&hellip; <\/p>\n","protected":false},"author":1,"featured_media":65719,"comment_status":"closed","ping_status":"closed","sticky":false,"template":"","format":"standard","meta":{"footnotes":""},"categories":[10],"tags":[],"class_list":["post-65718","post","type-post","status-publish","format-standard","has-post-thumbnail","hentry","category-interior"],"_links":{"self":[{"href":"http:\/\/elurbanoweb.com.ar\/diario\/wp-json\/wp\/v2\/posts\/65718","targetHints":{"allow":["GET"]}}],"collection":[{"href":"http:\/\/elurbanoweb.com.ar\/diario\/wp-json\/wp\/v2\/posts"}],"about":[{"href":"http:\/\/elurbanoweb.com.ar\/diario\/wp-json\/wp\/v2\/types\/post"}],"author":[{"embeddable":true,"href":"http:\/\/elurbanoweb.com.ar\/diario\/wp-json\/wp\/v2\/users\/1"}],"replies":[{"embeddable":true,"href":"http:\/\/elurbanoweb.com.ar\/diario\/wp-json\/wp\/v2\/comments?post=65718"}],"version-history":[{"count":1,"href":"http:\/\/elurbanoweb.com.ar\/diario\/wp-json\/wp\/v2\/posts\/65718\/revisions"}],"predecessor-version":[{"id":65720,"href":"http:\/\/elurbanoweb.com.ar\/diario\/wp-json\/wp\/v2\/posts\/65718\/revisions\/65720"}],"wp:featuredmedia":[{"embeddable":true,"href":"http:\/\/elurbanoweb.com.ar\/diario\/wp-json\/wp\/v2\/media\/65719"}],"wp:attachment":[{"href":"http:\/\/elurbanoweb.com.ar\/diario\/wp-json\/wp\/v2\/media?parent=65718"}],"wp:term":[{"taxonomy":"category","embeddable":true,"href":"http:\/\/elurbanoweb.com.ar\/diario\/wp-json\/wp\/v2\/categories?post=65718"},{"taxonomy":"post_tag","embeddable":true,"href":"http:\/\/elurbanoweb.com.ar\/diario\/wp-json\/wp\/v2\/tags?post=65718"}],"curies":[{"name":"wp","href":"https:\/\/api.w.org\/{rel}","templated":true}]}}