{"id":65721,"date":"2026-01-31T10:01:02","date_gmt":"2026-01-31T13:01:02","guid":{"rendered":"https:\/\/elurbanoweb.com.ar\/diario\/?p=65721"},"modified":"2026-01-31T10:01:02","modified_gmt":"2026-01-31T13:01:02","slug":"docente-de-humanidades-fue-distinguido-con-un-prestigioso-premio-iberoamericano","status":"publish","type":"post","link":"http:\/\/elurbanoweb.com.ar\/diario\/docente-de-humanidades-fue-distinguido-con-un-prestigioso-premio-iberoamericano\/","title":{"rendered":"Docente de Humanidades fue distinguido con un prestigioso premio iberoamericano"},"content":{"rendered":"<p>El investigador y docente Pablo Alabarces, integrante del plantel acad\u00e9mico de la Facultad de Humanidades, Ciencias Sociales y de la Salud de la UNSE, fue distinguido por la Asociaci\u00f3n de Estudios Latinoamericanos (LASA) con el Premio Iberoamericano del Libro 2026 por la publicaci\u00f3n de \u201cHistoria m\u00ednima del rock en Am\u00e9rica Latina\u201d.<\/p>\n<p><img loading=\"lazy\" decoding=\"async\" class=\"alignnone wp-image-65722 size-full\" src=\"http:\/\/elurbanoweb.com.ar\/diario\/wp-content\/uploads\/2026\/01\/docente1.jpg\" alt=\"\" width=\"1024\" height=\"771\" srcset=\"http:\/\/elurbanoweb.com.ar\/diario\/wp-content\/uploads\/2026\/01\/docente1.jpg 1024w, http:\/\/elurbanoweb.com.ar\/diario\/wp-content\/uploads\/2026\/01\/docente1-300x226.jpg 300w, http:\/\/elurbanoweb.com.ar\/diario\/wp-content\/uploads\/2026\/01\/docente1-150x113.jpg 150w\" sizes=\"auto, (max-width: 1024px) 100vw, 1024px\" \/><\/p>\n<p><!--more--><\/p>\n<p>La principal organizaci\u00f3n mundial dedicada a los estudios sobre Am\u00e9rica Latina, otorg\u00f3 uno de sus premios m\u00e1s relevantes a Alabarces, quien se desempe\u00f1a como profesor en la Maestr\u00eda en Ciencias Sociales de la Facultad de Humanidades, donde es responsable del seminario \u201cIdentidad e Instituciones simb\u00f3licas en la Sociedad. Representaciones subalternas en la Cultura Argentina\u201d.<\/p>\n<p>En esta edici\u00f3n, el jurado seleccion\u00f3 la obra escrita por Alabarces junto a Abel Gilbert, por su originalidad, rigor anal\u00edtico y aporte al campo de los estudios culturales. El premio ser\u00e1 entregado el martes 26 de mayo, durante la ceremonia de apertura del 44\u00ba Congreso Internacional de LASA, que se desarrollar\u00e1 en Par\u00eds, uno de los encuentros acad\u00e9micos m\u00e1s importantes a nivel global en el \u00e1mbito de las ciencias sociales y humanidades.<\/p>\n<p>Desde la Facultad de Humanidades, la decana Sandra Moreira celebr\u00f3 la distinci\u00f3n y subray\u00f3 la relevancia de contar con docentes de este nivel en las propuestas acad\u00e9micas de la unidad: \u201cEste reconocimiento internacional a Pablo Alabarces no solo prestigia su trayectoria personal, sino que fortalece a nuestra Facultad y a la universidad p\u00fablica. Contar con docentes que producen conocimiento de impacto regional y global enriquece profundamente la formaci\u00f3n de nuestros estudiantes\u201d, afirm\u00f3.<\/p>\n<p>Asimismo, Moreira remarc\u00f3 que \u201cla presencia de investigadores y docentes con una mirada cr\u00edtica, comprometida y de excelencia acad\u00e9mica es fundamental para las carreras que ofrece la Facultad, porque garantiza una formaci\u00f3n s\u00f3lida, actualizada y vinculada con los grandes debates culturales y sociales de Am\u00e9rica Latina\u201d.<\/p>\n<p>La obra premiada propone un recorrido por distintos pa\u00edses y regiones -Cuba, Brasil, Chile, Per\u00fa, M\u00e9xico y Argentina- y analiza el rock latinoamericano como fen\u00f3meno cultural y pol\u00edtico, abordando tensiones con la industria cultural, los movimientos juveniles y las corrientes ideol\u00f3gicas.<\/p>\n<p>La distinci\u00f3n recibida por Alabarces reafirma el valor de la investigaci\u00f3n acad\u00e9mica desarrollada en las universidades p\u00fablicas y pone en relieve el aporte de la Facultad de Humanidades de la UNSE a la producci\u00f3n de conocimiento cr\u00edtico y de alcance internacional.<\/p>\n","protected":false},"excerpt":{"rendered":"<p>El investigador y docente Pablo Alabarces, integrante del plantel acad\u00e9mico de la Facultad de Humanidades, Ciencias Sociales y de la Salud de la UNSE, fue distinguido por la Asociaci\u00f3n de&hellip; <\/p>\n","protected":false},"author":1,"featured_media":65723,"comment_status":"closed","ping_status":"closed","sticky":false,"template":"","format":"standard","meta":{"footnotes":""},"categories":[15],"tags":[],"class_list":["post-65721","post","type-post","status-publish","format-standard","has-post-thumbnail","hentry","category-unse"],"_links":{"self":[{"href":"http:\/\/elurbanoweb.com.ar\/diario\/wp-json\/wp\/v2\/posts\/65721","targetHints":{"allow":["GET"]}}],"collection":[{"href":"http:\/\/elurbanoweb.com.ar\/diario\/wp-json\/wp\/v2\/posts"}],"about":[{"href":"http:\/\/elurbanoweb.com.ar\/diario\/wp-json\/wp\/v2\/types\/post"}],"author":[{"embeddable":true,"href":"http:\/\/elurbanoweb.com.ar\/diario\/wp-json\/wp\/v2\/users\/1"}],"replies":[{"embeddable":true,"href":"http:\/\/elurbanoweb.com.ar\/diario\/wp-json\/wp\/v2\/comments?post=65721"}],"version-history":[{"count":1,"href":"http:\/\/elurbanoweb.com.ar\/diario\/wp-json\/wp\/v2\/posts\/65721\/revisions"}],"predecessor-version":[{"id":65724,"href":"http:\/\/elurbanoweb.com.ar\/diario\/wp-json\/wp\/v2\/posts\/65721\/revisions\/65724"}],"wp:featuredmedia":[{"embeddable":true,"href":"http:\/\/elurbanoweb.com.ar\/diario\/wp-json\/wp\/v2\/media\/65723"}],"wp:attachment":[{"href":"http:\/\/elurbanoweb.com.ar\/diario\/wp-json\/wp\/v2\/media?parent=65721"}],"wp:term":[{"taxonomy":"category","embeddable":true,"href":"http:\/\/elurbanoweb.com.ar\/diario\/wp-json\/wp\/v2\/categories?post=65721"},{"taxonomy":"post_tag","embeddable":true,"href":"http:\/\/elurbanoweb.com.ar\/diario\/wp-json\/wp\/v2\/tags?post=65721"}],"curies":[{"name":"wp","href":"https:\/\/api.w.org\/{rel}","templated":true}]}}