{"id":65728,"date":"2026-01-31T10:04:29","date_gmt":"2026-01-31T13:04:29","guid":{"rendered":"https:\/\/elurbanoweb.com.ar\/diario\/?p=65728"},"modified":"2026-01-31T10:04:29","modified_gmt":"2026-01-31T13:04:29","slug":"relevamiento-y-monitoreo-preventivo-ante-la-crecida-del-rio-utis-en-el-departamento-mitre","status":"publish","type":"post","link":"http:\/\/elurbanoweb.com.ar\/diario\/relevamiento-y-monitoreo-preventivo-ante-la-crecida-del-rio-utis-en-el-departamento-mitre\/","title":{"rendered":"Relevamiento y monitoreo preventivo ante la crecida del R\u00edo Utis en el Departamento Mitre"},"content":{"rendered":"<p>En respuesta a las condiciones h\u00eddricas actuales, una comitiva del Instituto Provincial de Vivienda y Urbanismo (IPVU), en representaci\u00f3n del Ministerio de Obras, Servicios P\u00fablicos y Agua, se traslad\u00f3 a la localidad de El Albard\u00f3n para evaluar la situaci\u00f3n de las familias y la infraestructura vial de la zona.<\/p>\n<p><img loading=\"lazy\" decoding=\"async\" class=\"alignnone wp-image-65729 size-large\" src=\"http:\/\/elurbanoweb.com.ar\/diario\/wp-content\/uploads\/2026\/01\/relevamiento-1024x576.jpg\" alt=\"\" width=\"1024\" height=\"576\" srcset=\"http:\/\/elurbanoweb.com.ar\/diario\/wp-content\/uploads\/2026\/01\/relevamiento-1024x576.jpg 1024w, http:\/\/elurbanoweb.com.ar\/diario\/wp-content\/uploads\/2026\/01\/relevamiento-300x169.jpg 300w, http:\/\/elurbanoweb.com.ar\/diario\/wp-content\/uploads\/2026\/01\/relevamiento-150x84.jpg 150w, http:\/\/elurbanoweb.com.ar\/diario\/wp-content\/uploads\/2026\/01\/relevamiento.jpg 1280w\" sizes=\"auto, (max-width: 1024px) 100vw, 1024px\" \/><\/p>\n<p><!--more--><\/p>\n<p>La delegaci\u00f3n estuvo encabezada por la Sra. Sara Ayuch Tarchini, Secretaria T\u00e9cnica del organismo, quien coordin\u00f3 las tareas operativas en el terreno ante el aumento del caudal del R\u00edo Utis.<\/p>\n<p>Durante la jornada, el equipo t\u00e9cnico llev\u00f3 a cabo un exhaustivo relevamiento de las familias que residen en la zona de ba\u00f1ados. El objetivo principal fue constatar el estado de las viviendas y las necesidades inmediatas de los pobladores afectados por el avance del agua.<\/p>\n<p>Asimismo, se realiz\u00f3 una inspecci\u00f3n ocular del \u00e1rea para determinar el impacto de la crecida y coordinar posibles acciones de asistencia habitacional o evacuaci\u00f3n en caso de ser necesario.<\/p>\n<p>Debido a la importancia log\u00edstica de la zona, la comitiva efectu\u00f3 un recorrido por las denominadas \u201crutas cabriteras\u201d y supervis\u00f3 el estado de los puentes fundamentales para la regi\u00f3n, como la Ruta Provincial N.\u00ba 13, donde se inspeccion\u00f3 el puente sobre el R\u00edo Utis y El Albard\u00f3n, donde se evalu\u00f3 la estructura del paso sobre el r\u00edo que garantiza la comunicaci\u00f3n local.<\/p>\n<p>Estos puntos son vitales para la provincia, ya que funcionan como nexos de conectividad entre dos arterias nacionales de gran flujo: la Ruta Nacional N.\u00ba 9 y la Ruta Nacional N.\u00ba 34.<\/p>\n<p>Desde el IPVU informaron que se mantiene un monitoreo constante de la situaci\u00f3n h\u00eddrica. El Gobierno de la Provincia contin\u00faa trabajando de manera articulada con distintos organismos para dar respuesta r\u00e1pida en las zonas m\u00e1s cr\u00edticas y garantizar la seguridad de los residentes y la transitabilidad de los caminos rurales.<\/p>\n","protected":false},"excerpt":{"rendered":"<p>En respuesta a las condiciones h\u00eddricas actuales, una comitiva del Instituto Provincial de Vivienda y Urbanismo (IPVU), en representaci\u00f3n del Ministerio de Obras, Servicios P\u00fablicos y Agua, se traslad\u00f3 a&hellip; <\/p>\n","protected":false},"author":1,"featured_media":65729,"comment_status":"closed","ping_status":"closed","sticky":false,"template":"","format":"standard","meta":{"footnotes":""},"categories":[10],"tags":[],"class_list":["post-65728","post","type-post","status-publish","format-standard","has-post-thumbnail","hentry","category-interior"],"_links":{"self":[{"href":"http:\/\/elurbanoweb.com.ar\/diario\/wp-json\/wp\/v2\/posts\/65728","targetHints":{"allow":["GET"]}}],"collection":[{"href":"http:\/\/elurbanoweb.com.ar\/diario\/wp-json\/wp\/v2\/posts"}],"about":[{"href":"http:\/\/elurbanoweb.com.ar\/diario\/wp-json\/wp\/v2\/types\/post"}],"author":[{"embeddable":true,"href":"http:\/\/elurbanoweb.com.ar\/diario\/wp-json\/wp\/v2\/users\/1"}],"replies":[{"embeddable":true,"href":"http:\/\/elurbanoweb.com.ar\/diario\/wp-json\/wp\/v2\/comments?post=65728"}],"version-history":[{"count":1,"href":"http:\/\/elurbanoweb.com.ar\/diario\/wp-json\/wp\/v2\/posts\/65728\/revisions"}],"predecessor-version":[{"id":65730,"href":"http:\/\/elurbanoweb.com.ar\/diario\/wp-json\/wp\/v2\/posts\/65728\/revisions\/65730"}],"wp:featuredmedia":[{"embeddable":true,"href":"http:\/\/elurbanoweb.com.ar\/diario\/wp-json\/wp\/v2\/media\/65729"}],"wp:attachment":[{"href":"http:\/\/elurbanoweb.com.ar\/diario\/wp-json\/wp\/v2\/media?parent=65728"}],"wp:term":[{"taxonomy":"category","embeddable":true,"href":"http:\/\/elurbanoweb.com.ar\/diario\/wp-json\/wp\/v2\/categories?post=65728"},{"taxonomy":"post_tag","embeddable":true,"href":"http:\/\/elurbanoweb.com.ar\/diario\/wp-json\/wp\/v2\/tags?post=65728"}],"curies":[{"name":"wp","href":"https:\/\/api.w.org\/{rel}","templated":true}]}}