{"id":65731,"date":"2026-01-31T10:06:54","date_gmt":"2026-01-31T13:06:54","guid":{"rendered":"https:\/\/elurbanoweb.com.ar\/diario\/?p=65731"},"modified":"2026-01-31T10:06:54","modified_gmt":"2026-01-31T13:06:54","slug":"ya-se-encuentra-disponible-la-ficha-medica-para-el-ingreso-escolar","status":"publish","type":"post","link":"http:\/\/elurbanoweb.com.ar\/diario\/ya-se-encuentra-disponible-la-ficha-medica-para-el-ingreso-escolar\/","title":{"rendered":"Ya se encuentra disponible la ficha m\u00e9dica para el ingreso escolar"},"content":{"rendered":"<p>El Ministerio de Salud de la Provincia informa que ya se encuentra disponible la ficha m\u00e9dica obligatoria para el ingreso escolar, requisito necesario para ni\u00f1os y ni\u00f1as que inician el ciclo lectivo.<\/p>\n<p><img loading=\"lazy\" decoding=\"async\" class=\"alignnone wp-image-65732 size-full\" src=\"http:\/\/elurbanoweb.com.ar\/diario\/wp-content\/uploads\/2026\/01\/alumnos11.jpg\" alt=\"\" width=\"1024\" height=\"576\" srcset=\"http:\/\/elurbanoweb.com.ar\/diario\/wp-content\/uploads\/2026\/01\/alumnos11.jpg 1024w, http:\/\/elurbanoweb.com.ar\/diario\/wp-content\/uploads\/2026\/01\/alumnos11-300x169.jpg 300w, http:\/\/elurbanoweb.com.ar\/diario\/wp-content\/uploads\/2026\/01\/alumnos11-150x84.jpg 150w\" sizes=\"auto, (max-width: 1024px) 100vw, 1024px\" \/><\/p>\n<p><!--more--><\/p>\n<p>Los turnos deben solicitarse en las Unidades de Atenci\u00f3n Primaria de la Salud (UPAs) y se otorgan de manera programada, con el objetivo de garantizar una atenci\u00f3n ordenada y eficiente.<\/p>\n<p>Desde la cartera sanitaria se recomienda a las familias realizar el tr\u00e1mite con anticipaci\u00f3n, a fin de evitar demoras durante los meses de mayor demanda, especialmente en el inicio del ciclo escolar.<\/p>\n<p>La ficha m\u00e9dica puede consultarse y descargarse a trav\u00e9s del sitio web oficial del Ministerio de Salud:<br \/>\n&#x1f517;https:\/\/msaludsgo.gov.ar\/web\/ficha-medica-para-ingreso-escolar\/?fbclid=IwY2xjawPpvXFleHRuA2FlbQIxMABicmlkETFjSkM3OG9qbzJTN3FITnZUc3J0YwZhcHBfaWQQMjIyMDM5MTc4ODIwMDg5MgABHvRFf5aaQiMUey_30ky32Ph-Q6-vJu1TFy9U82UVzBU9Kr93EsFdHE1vSC_d_aem_yzPhTnNi4x4eEfUZMl1T1A<\/p>\n","protected":false},"excerpt":{"rendered":"<p>El Ministerio de Salud de la Provincia informa que ya se encuentra disponible la ficha m\u00e9dica obligatoria para el ingreso escolar, requisito necesario para ni\u00f1os y ni\u00f1as que inician el&hellip; <\/p>\n","protected":false},"author":1,"featured_media":65732,"comment_status":"closed","ping_status":"closed","sticky":false,"template":"","format":"standard","meta":{"footnotes":""},"categories":[16],"tags":[],"class_list":["post-65731","post","type-post","status-publish","format-standard","has-post-thumbnail","hentry","category-locales"],"_links":{"self":[{"href":"http:\/\/elurbanoweb.com.ar\/diario\/wp-json\/wp\/v2\/posts\/65731","targetHints":{"allow":["GET"]}}],"collection":[{"href":"http:\/\/elurbanoweb.com.ar\/diario\/wp-json\/wp\/v2\/posts"}],"about":[{"href":"http:\/\/elurbanoweb.com.ar\/diario\/wp-json\/wp\/v2\/types\/post"}],"author":[{"embeddable":true,"href":"http:\/\/elurbanoweb.com.ar\/diario\/wp-json\/wp\/v2\/users\/1"}],"replies":[{"embeddable":true,"href":"http:\/\/elurbanoweb.com.ar\/diario\/wp-json\/wp\/v2\/comments?post=65731"}],"version-history":[{"count":1,"href":"http:\/\/elurbanoweb.com.ar\/diario\/wp-json\/wp\/v2\/posts\/65731\/revisions"}],"predecessor-version":[{"id":65733,"href":"http:\/\/elurbanoweb.com.ar\/diario\/wp-json\/wp\/v2\/posts\/65731\/revisions\/65733"}],"wp:featuredmedia":[{"embeddable":true,"href":"http:\/\/elurbanoweb.com.ar\/diario\/wp-json\/wp\/v2\/media\/65732"}],"wp:attachment":[{"href":"http:\/\/elurbanoweb.com.ar\/diario\/wp-json\/wp\/v2\/media?parent=65731"}],"wp:term":[{"taxonomy":"category","embeddable":true,"href":"http:\/\/elurbanoweb.com.ar\/diario\/wp-json\/wp\/v2\/categories?post=65731"},{"taxonomy":"post_tag","embeddable":true,"href":"http:\/\/elurbanoweb.com.ar\/diario\/wp-json\/wp\/v2\/tags?post=65731"}],"curies":[{"name":"wp","href":"https:\/\/api.w.org\/{rel}","templated":true}]}}