{"id":65753,"date":"2026-02-01T10:40:28","date_gmt":"2026-02-01T13:40:28","guid":{"rendered":"https:\/\/elurbanoweb.com.ar\/diario\/?p=65753"},"modified":"2026-02-01T10:40:28","modified_gmt":"2026-02-01T13:40:28","slug":"trump-amenaza-con-cobrar-aranceles-a-paises-que-vendan-petroleo-a-cuba","status":"publish","type":"post","link":"http:\/\/elurbanoweb.com.ar\/diario\/trump-amenaza-con-cobrar-aranceles-a-paises-que-vendan-petroleo-a-cuba\/","title":{"rendered":"Trump amenaza con cobrar aranceles a pa\u00edses que vendan petr\u00f3leo a Cuba"},"content":{"rendered":"<p>En una escalada sin precedentes de su pol\u00edtica exterior, el presidente de Estados Unidos, Donald Trump, firm\u00f3 ayer una orden ejecutiva que impone aranceles punitivos a cualquier naci\u00f3n que suministre petr\u00f3leo a Cuba. La medida busca cortar de tajo el \u00faltimo \u201cbal\u00f3n de ox\u00edgeno\u201d de la administraci\u00f3n de Miguel D\u00edaz-Canel, tras la reciente ca\u00edda del gobierno de Nicol\u00e1s Maduro en Venezuela, que dej\u00f3 a la isla sin su principal proveedor de crudo.<\/p>\n<p><img loading=\"lazy\" decoding=\"async\" class=\"alignnone wp-image-65754 size-full\" src=\"http:\/\/elurbanoweb.com.ar\/diario\/wp-content\/uploads\/2026\/02\/donald2.jpg\" alt=\"\" width=\"1010\" height=\"567\" srcset=\"http:\/\/elurbanoweb.com.ar\/diario\/wp-content\/uploads\/2026\/02\/donald2.jpg 1010w, http:\/\/elurbanoweb.com.ar\/diario\/wp-content\/uploads\/2026\/02\/donald2-300x168.jpg 300w, http:\/\/elurbanoweb.com.ar\/diario\/wp-content\/uploads\/2026\/02\/donald2-150x84.jpg 150w\" sizes=\"auto, (max-width: 1010px) 100vw, 1010px\" \/><\/p>\n<p><!--more--><\/p>\n<p>La Casa Blanca justific\u00f3 la implementaci\u00f3n de este nuevo sistema arancelario bajo el argumento de proteger la \u201cseguridad nacional\u201d. Seg\u00fan el comunicado oficial, Cuba representa una \u201camenaza inusual y extraordinaria\u201d debido a su papel como centro de operaciones para potencias adversarias. \u201cCuba no podr\u00e1 sobrevivir sin el petr\u00f3leo de Venezuela. Es una naci\u00f3n fallida que est\u00e1 al borde del colapso\u201d, declar\u00f3 Trump ante la prensa, subrayando que su administraci\u00f3n no se detendr\u00e1 hasta lograr un cambio de r\u00e9gimen en la isla.<\/p>\n<p>Las claves de la Orden Ejecutiva:<br \/>\nSanciones Indirectas: Los aranceles no solo afectan a los vendedores directos, sino que penalizan las importaciones provenientes de pa\u00edses que faciliten el flujo de crudo de manera indirecta.<\/p>\n<p>Acusaciones de Espionaje y Terrorismo: El decreto se\u00f1ala que La Habana alberga la mayor base de inteligencia de se\u00f1ales de Rusia fuera de su territorio y ofrece \u201crefugio seguro\u201d a organizaciones como Hezbollah y Hamas.<\/p>\n<p>Presi\u00f3n sobre Aliados Regionales: La medida pone en una encrucijada a pa\u00edses como M\u00e9xico, que bajo la presidencia de Claudia Sheinbaum ha mantenido env\u00edos de crudo a la isla por razones humanitarias.<\/p>\n<p>La noticia ha profundizado la incertidumbre en La Habana. Seg\u00fan reportes de la agencia EFE, el p\u00e1nico se ha extendido al sector empresarial extranjero, donde varias compa\u00f1\u00edas ya han activado planes de evacuaci\u00f3n ante el temor de una crisis humanitaria total o una posible intervenci\u00f3n.<\/p>\n<p>Expertos del sector energ\u00e9tico estiman que las reservas de combustible en Cuba podr\u00edan agotarse en un plazo de 15 a 20 d\u00edas, lo que paralizar\u00eda el transporte, la generaci\u00f3n el\u00e9ctrica y los servicios b\u00e1sicos de agua y salud.<\/p>\n<p>El presidente cubano, Miguel D\u00edaz-Canel, calific\u00f3 la medida como un \u201cacto de agresi\u00f3n fascista y criminal\u201d, denunciando que Washington utiliza \u201cmentiras deliberadas\u201d para justificar un genocidio econ\u00f3mico. Mientras tanto, el canciller Bruno Rodr\u00edguez convoc\u00f3 a movilizaciones populares en rechazo al que llaman \u201cel bloqueo total de energ\u00eda\u201d.<\/p>\n<p>Este nuevo cerco se suma a la designaci\u00f3n de Cuba como Estado \u201cpatrocinador del terrorismo\u201d y a las restricciones de viaje impuestas a mediados de 2025, dejando a la isla en la situaci\u00f3n geopol\u00edtica m\u00e1s precaria de su historia reciente.<\/p>\n","protected":false},"excerpt":{"rendered":"<p>En una escalada sin precedentes de su pol\u00edtica exterior, el presidente de Estados Unidos, Donald Trump, firm\u00f3 ayer una orden ejecutiva que impone aranceles punitivos a cualquier naci\u00f3n que suministre&hellip; <\/p>\n","protected":false},"author":1,"featured_media":65754,"comment_status":"closed","ping_status":"closed","sticky":false,"template":"","format":"standard","meta":{"footnotes":""},"categories":[6],"tags":[],"class_list":["post-65753","post","type-post","status-publish","format-standard","has-post-thumbnail","hentry","category-mundo"],"_links":{"self":[{"href":"http:\/\/elurbanoweb.com.ar\/diario\/wp-json\/wp\/v2\/posts\/65753","targetHints":{"allow":["GET"]}}],"collection":[{"href":"http:\/\/elurbanoweb.com.ar\/diario\/wp-json\/wp\/v2\/posts"}],"about":[{"href":"http:\/\/elurbanoweb.com.ar\/diario\/wp-json\/wp\/v2\/types\/post"}],"author":[{"embeddable":true,"href":"http:\/\/elurbanoweb.com.ar\/diario\/wp-json\/wp\/v2\/users\/1"}],"replies":[{"embeddable":true,"href":"http:\/\/elurbanoweb.com.ar\/diario\/wp-json\/wp\/v2\/comments?post=65753"}],"version-history":[{"count":1,"href":"http:\/\/elurbanoweb.com.ar\/diario\/wp-json\/wp\/v2\/posts\/65753\/revisions"}],"predecessor-version":[{"id":65755,"href":"http:\/\/elurbanoweb.com.ar\/diario\/wp-json\/wp\/v2\/posts\/65753\/revisions\/65755"}],"wp:featuredmedia":[{"embeddable":true,"href":"http:\/\/elurbanoweb.com.ar\/diario\/wp-json\/wp\/v2\/media\/65754"}],"wp:attachment":[{"href":"http:\/\/elurbanoweb.com.ar\/diario\/wp-json\/wp\/v2\/media?parent=65753"}],"wp:term":[{"taxonomy":"category","embeddable":true,"href":"http:\/\/elurbanoweb.com.ar\/diario\/wp-json\/wp\/v2\/categories?post=65753"},{"taxonomy":"post_tag","embeddable":true,"href":"http:\/\/elurbanoweb.com.ar\/diario\/wp-json\/wp\/v2\/tags?post=65753"}],"curies":[{"name":"wp","href":"https:\/\/api.w.org\/{rel}","templated":true}]}}