{"id":66016,"date":"2026-02-06T13:38:34","date_gmt":"2026-02-06T16:38:34","guid":{"rendered":"https:\/\/elurbanoweb.com.ar\/diario\/?p=66016"},"modified":"2026-02-06T13:38:34","modified_gmt":"2026-02-06T16:38:34","slug":"el-gobierno-provincial-mantiene-el-monitoreo-del-puente-paso-de-la-cina-sobre-la-ruta-provincial-n-15","status":"publish","type":"post","link":"http:\/\/elurbanoweb.com.ar\/diario\/el-gobierno-provincial-mantiene-el-monitoreo-del-puente-paso-de-la-cina-sobre-la-ruta-provincial-n-15\/","title":{"rendered":"El Gobierno provincial mantiene el monitoreo del puente Paso de la Cina sobre la Ruta Provincial N\u00b0 15"},"content":{"rendered":"<p>El Ministerio de Obras P\u00fablicas de la Provincia informa que, por expresa indicaci\u00f3n del gobernador El\u00edas Su\u00e1rez, se contin\u00faa con el monitoreo permanente de la creciente y del estado estructural del puente Paso de la Cina, ubicado sobre la Ruta Provincial N\u00b0 15, en el l\u00edmite entre los departamentos Quebrachos y Rivadavia.<\/p>\n<p><img loading=\"lazy\" decoding=\"async\" class=\"alignnone wp-image-66017 size-large\" src=\"http:\/\/elurbanoweb.com.ar\/diario\/wp-content\/uploads\/2026\/02\/monitoreo1-1024x576.jpg\" alt=\"\" width=\"1024\" height=\"576\" srcset=\"http:\/\/elurbanoweb.com.ar\/diario\/wp-content\/uploads\/2026\/02\/monitoreo1-1024x576.jpg 1024w, http:\/\/elurbanoweb.com.ar\/diario\/wp-content\/uploads\/2026\/02\/monitoreo1-300x169.jpg 300w, http:\/\/elurbanoweb.com.ar\/diario\/wp-content\/uploads\/2026\/02\/monitoreo1-150x84.jpg 150w, http:\/\/elurbanoweb.com.ar\/diario\/wp-content\/uploads\/2026\/02\/monitoreo1.jpg 1496w\" sizes=\"auto, (max-width: 1024px) 100vw, 1024px\" \/><\/p>\n<p><!--more--><\/p>\n<p>En este marco, el presidente del Consejo Provincial de Vialidad, Ing. F\u00e9lix Alfano, se hizo presente en el lugar junto a una comitiva t\u00e9cnica, con el objetivo de supervisar los trabajos que se vienen realizando y evaluar la situaci\u00f3n directamente en territorio, tanto en el sector del puente como en el ba\u00f1ado y el cauce de la zona.<\/p>\n<p>Cabe destacar que d\u00edas atr\u00e1s se dispuso el env\u00edo de una retroexcavadora para llevar adelante tareas de limpieza en el sector del puente y su cauce, con el fin de optimizar el escurrimiento del agua y prevenir posibles obstrucciones que puedan afectar la infraestructura vial.<\/p>\n<p>Actualmente, los trabajos contin\u00faan en distintos frentes, particularmente sobre la Ruta Nacional N\u00b0 92 y la Ruta Provincial N\u00b0 13, en el marco del operativo de mantenimiento y asistencia que el Gobierno Provincial despliega ante la situaci\u00f3n h\u00eddrica.<\/p>\n<p>Desde el Ministerio de Obras P\u00fablicas se reafirma el compromiso de continuar trabajando de manera sostenida y coordinada, siguiendo los lineamientos del Gobierno de la Provincia, para resguardar la infraestructura vial y garantizar la seguridad en las zonas afectadas.<\/p>\n","protected":false},"excerpt":{"rendered":"<p>El Ministerio de Obras P\u00fablicas de la Provincia informa que, por expresa indicaci\u00f3n del gobernador El\u00edas Su\u00e1rez, se contin\u00faa con el monitoreo permanente de la creciente y del estado estructural&hellip; <\/p>\n","protected":false},"author":1,"featured_media":66017,"comment_status":"closed","ping_status":"closed","sticky":false,"template":"","format":"standard","meta":{"footnotes":""},"categories":[10],"tags":[],"class_list":["post-66016","post","type-post","status-publish","format-standard","has-post-thumbnail","hentry","category-interior"],"_links":{"self":[{"href":"http:\/\/elurbanoweb.com.ar\/diario\/wp-json\/wp\/v2\/posts\/66016","targetHints":{"allow":["GET"]}}],"collection":[{"href":"http:\/\/elurbanoweb.com.ar\/diario\/wp-json\/wp\/v2\/posts"}],"about":[{"href":"http:\/\/elurbanoweb.com.ar\/diario\/wp-json\/wp\/v2\/types\/post"}],"author":[{"embeddable":true,"href":"http:\/\/elurbanoweb.com.ar\/diario\/wp-json\/wp\/v2\/users\/1"}],"replies":[{"embeddable":true,"href":"http:\/\/elurbanoweb.com.ar\/diario\/wp-json\/wp\/v2\/comments?post=66016"}],"version-history":[{"count":1,"href":"http:\/\/elurbanoweb.com.ar\/diario\/wp-json\/wp\/v2\/posts\/66016\/revisions"}],"predecessor-version":[{"id":66018,"href":"http:\/\/elurbanoweb.com.ar\/diario\/wp-json\/wp\/v2\/posts\/66016\/revisions\/66018"}],"wp:featuredmedia":[{"embeddable":true,"href":"http:\/\/elurbanoweb.com.ar\/diario\/wp-json\/wp\/v2\/media\/66017"}],"wp:attachment":[{"href":"http:\/\/elurbanoweb.com.ar\/diario\/wp-json\/wp\/v2\/media?parent=66016"}],"wp:term":[{"taxonomy":"category","embeddable":true,"href":"http:\/\/elurbanoweb.com.ar\/diario\/wp-json\/wp\/v2\/categories?post=66016"},{"taxonomy":"post_tag","embeddable":true,"href":"http:\/\/elurbanoweb.com.ar\/diario\/wp-json\/wp\/v2\/tags?post=66016"}],"curies":[{"name":"wp","href":"https:\/\/api.w.org\/{rel}","templated":true}]}}