{"id":66025,"date":"2026-02-06T13:42:56","date_gmt":"2026-02-06T16:42:56","guid":{"rendered":"https:\/\/elurbanoweb.com.ar\/diario\/?p=66025"},"modified":"2026-02-06T13:42:56","modified_gmt":"2026-02-06T16:42:56","slug":"asumio-el-nuevo-jefe-de-la-prefectura-embalse-rio-hondo","status":"publish","type":"post","link":"http:\/\/elurbanoweb.com.ar\/diario\/asumio-el-nuevo-jefe-de-la-prefectura-embalse-rio-hondo\/","title":{"rendered":"Asumi\u00f3 el nuevo jefe de la Prefectura Embalse R\u00edo Hondo"},"content":{"rendered":"<p>En la ma\u00f1ana de este viernes se llev\u00f3 a cabo la ceremonia de cambio de la Jefatura de la Prefectura Embalse R\u00edo Hondo, en la que asumi\u00f3 como nuevo jefe el prefecto Roberto Salvador Cardozo.<\/p>\n<p><img loading=\"lazy\" decoding=\"async\" class=\"alignnone wp-image-66026 size-large\" src=\"http:\/\/elurbanoweb.com.ar\/diario\/wp-content\/uploads\/2026\/02\/salvador-1024x682.jpg\" alt=\"\" width=\"1024\" height=\"682\" srcset=\"http:\/\/elurbanoweb.com.ar\/diario\/wp-content\/uploads\/2026\/02\/salvador-1024x682.jpg 1024w, http:\/\/elurbanoweb.com.ar\/diario\/wp-content\/uploads\/2026\/02\/salvador-300x200.jpg 300w, http:\/\/elurbanoweb.com.ar\/diario\/wp-content\/uploads\/2026\/02\/salvador-150x100.jpg 150w, http:\/\/elurbanoweb.com.ar\/diario\/wp-content\/uploads\/2026\/02\/salvador-1536x1023.jpg 1536w, http:\/\/elurbanoweb.com.ar\/diario\/wp-content\/uploads\/2026\/02\/salvador.jpg 1600w\" sizes=\"auto, (max-width: 1024px) 100vw, 1024px\" \/><\/p>\n<p>&nbsp;<\/p>\n<p><!--more--><\/p>\n<p>La ceremonia se llev\u00f3 a cabo en la Plaza de Armas de la Prefectura Embalse R\u00edo Hondo, ubicada, en la ciudad de Las Termas.<\/p>\n<p>En representaci\u00f3n del gobernador El\u00edas Su\u00e1rez estuvo presente en la ceremonia el ministro de Gobierno Seguridad y Culto de la provincia, Bernardo Jos\u00e9 Herrera, junto con el prefecto de la Zona Paran\u00e1 Superior y Paraguay, mayor Diego Antonio Dalmarini; adem\u00e1s de la intendenta de Las Termas de R\u00edo Hondo, Paula Canepa, dem\u00e1s miembros de la fuerza, invitados especiales y familiares, quienes acompa\u00f1aron este significativo momento para la instituci\u00f3n.<\/p>\n<p>Durante el acto protocolar se dio lectura a la orden de traspaso de mando. Seguidamente el jefe saliente, prefecto Julio Cesar Loch, resalt\u00f3 el trabajo en equipo desarrollado durante su gesti\u00f3n, con la permanente colaboraci\u00f3n de los integrantes de la fuerza. Asimismo, agradeci\u00f3 el permanente apoyo de distintas instituciones del medio al igual que de la comunidad termense.<\/p>\n<p>Adem\u00e1s, salud\u00f3 al flamante jefe, dese\u00e1ndole \u00e9xitos en su nuevo desaf\u00edo al frente de Prefectura Naval Argentina Embalse R\u00edo Hondo.<\/p>\n","protected":false},"excerpt":{"rendered":"<p>En la ma\u00f1ana de este viernes se llev\u00f3 a cabo la ceremonia de cambio de la Jefatura de la Prefectura Embalse R\u00edo Hondo, en la que asumi\u00f3 como nuevo jefe&hellip; <\/p>\n","protected":false},"author":1,"featured_media":66026,"comment_status":"closed","ping_status":"closed","sticky":false,"template":"","format":"standard","meta":{"footnotes":""},"categories":[10],"tags":[],"class_list":["post-66025","post","type-post","status-publish","format-standard","has-post-thumbnail","hentry","category-interior"],"_links":{"self":[{"href":"http:\/\/elurbanoweb.com.ar\/diario\/wp-json\/wp\/v2\/posts\/66025","targetHints":{"allow":["GET"]}}],"collection":[{"href":"http:\/\/elurbanoweb.com.ar\/diario\/wp-json\/wp\/v2\/posts"}],"about":[{"href":"http:\/\/elurbanoweb.com.ar\/diario\/wp-json\/wp\/v2\/types\/post"}],"author":[{"embeddable":true,"href":"http:\/\/elurbanoweb.com.ar\/diario\/wp-json\/wp\/v2\/users\/1"}],"replies":[{"embeddable":true,"href":"http:\/\/elurbanoweb.com.ar\/diario\/wp-json\/wp\/v2\/comments?post=66025"}],"version-history":[{"count":1,"href":"http:\/\/elurbanoweb.com.ar\/diario\/wp-json\/wp\/v2\/posts\/66025\/revisions"}],"predecessor-version":[{"id":66027,"href":"http:\/\/elurbanoweb.com.ar\/diario\/wp-json\/wp\/v2\/posts\/66025\/revisions\/66027"}],"wp:featuredmedia":[{"embeddable":true,"href":"http:\/\/elurbanoweb.com.ar\/diario\/wp-json\/wp\/v2\/media\/66026"}],"wp:attachment":[{"href":"http:\/\/elurbanoweb.com.ar\/diario\/wp-json\/wp\/v2\/media?parent=66025"}],"wp:term":[{"taxonomy":"category","embeddable":true,"href":"http:\/\/elurbanoweb.com.ar\/diario\/wp-json\/wp\/v2\/categories?post=66025"},{"taxonomy":"post_tag","embeddable":true,"href":"http:\/\/elurbanoweb.com.ar\/diario\/wp-json\/wp\/v2\/tags?post=66025"}],"curies":[{"name":"wp","href":"https:\/\/api.w.org\/{rel}","templated":true}]}}