{"id":66061,"date":"2026-02-07T09:49:25","date_gmt":"2026-02-07T12:49:25","guid":{"rendered":"https:\/\/elurbanoweb.com.ar\/diario\/?p=66061"},"modified":"2026-02-07T09:49:25","modified_gmt":"2026-02-07T12:49:25","slug":"realizaron-una-teleconsulta-pediatrica-desde-el-hospital-de-monte-quemado-con-especialistas-del-cepsi","status":"publish","type":"post","link":"http:\/\/elurbanoweb.com.ar\/diario\/realizaron-una-teleconsulta-pediatrica-desde-el-hospital-de-monte-quemado-con-especialistas-del-cepsi\/","title":{"rendered":"Realizaron una teleconsulta pedi\u00e1trica desde el Hospital de Monte Quemado con especialistas del Cepsi"},"content":{"rendered":"<p>El Hospital Zonal de Monte Quemado llev\u00f3 adelante una teleconsulta m\u00e9dica con la OCD Telesalud del Centro Provincial de Salud Infantil (Cepsi), en el marco del fortalecimiento de la atenci\u00f3n sanitaria a trav\u00e9s de herramientas digitales.<\/p>\n<p><img loading=\"lazy\" decoding=\"async\" class=\"alignnone wp-image-66062 size-full\" src=\"http:\/\/elurbanoweb.com.ar\/diario\/wp-content\/uploads\/2026\/02\/pediatria.jpg\" alt=\"\" width=\"1010\" height=\"567\" srcset=\"http:\/\/elurbanoweb.com.ar\/diario\/wp-content\/uploads\/2026\/02\/pediatria.jpg 1010w, http:\/\/elurbanoweb.com.ar\/diario\/wp-content\/uploads\/2026\/02\/pediatria-300x168.jpg 300w, http:\/\/elurbanoweb.com.ar\/diario\/wp-content\/uploads\/2026\/02\/pediatria-150x84.jpg 150w\" sizes=\"auto, (max-width: 1010px) 100vw, 1010px\" \/><\/p>\n<p><!--more--><\/p>\n<p>La consulta se realiz\u00f3 a un paciente pedi\u00e1trico del barrio Porvenir de la ciudad, quien fue evaluado por especialistas del Servicio de Neurolog\u00eda del Cepsi mediante el consultorio en l\u00ednea, permitiendo analizar su evoluci\u00f3n cl\u00ednica y realizar el ajuste del tratamiento terap\u00e9utico correspondiente.<\/p>\n<p>Desde el sistema de salud destacaron que esta modalidad de atenci\u00f3n representa un importante avance en el seguimiento y monitoreo a distancia de pacientes, especialmente para aquellos que se atienden habitualmente en hospitales del interior y requieren la intervenci\u00f3n de centros de mayor complejidad y referencia.<\/p>\n<p>La implementaci\u00f3n de la teleconsulta posibilita optimizar tiempos, reducir traslados y garantizar un acceso m\u00e1s equitativo a especialidades m\u00e9dicas, fortaleciendo la calidad del servicio sanitario. En este sentido, remarcaron que el uso de la plataforma de Telesalud permite acercar una mejor atenci\u00f3n m\u00e9dica a ni\u00f1os y ni\u00f1as de toda la provincia, consolidando una red de salud m\u00e1s integrada y eficiente.<\/p>\n","protected":false},"excerpt":{"rendered":"<p>El Hospital Zonal de Monte Quemado llev\u00f3 adelante una teleconsulta m\u00e9dica con la OCD Telesalud del Centro Provincial de Salud Infantil (Cepsi), en el marco del fortalecimiento de la atenci\u00f3n&hellip; <\/p>\n","protected":false},"author":1,"featured_media":66062,"comment_status":"closed","ping_status":"closed","sticky":false,"template":"","format":"standard","meta":{"footnotes":""},"categories":[10],"tags":[],"class_list":["post-66061","post","type-post","status-publish","format-standard","has-post-thumbnail","hentry","category-interior"],"_links":{"self":[{"href":"http:\/\/elurbanoweb.com.ar\/diario\/wp-json\/wp\/v2\/posts\/66061","targetHints":{"allow":["GET"]}}],"collection":[{"href":"http:\/\/elurbanoweb.com.ar\/diario\/wp-json\/wp\/v2\/posts"}],"about":[{"href":"http:\/\/elurbanoweb.com.ar\/diario\/wp-json\/wp\/v2\/types\/post"}],"author":[{"embeddable":true,"href":"http:\/\/elurbanoweb.com.ar\/diario\/wp-json\/wp\/v2\/users\/1"}],"replies":[{"embeddable":true,"href":"http:\/\/elurbanoweb.com.ar\/diario\/wp-json\/wp\/v2\/comments?post=66061"}],"version-history":[{"count":1,"href":"http:\/\/elurbanoweb.com.ar\/diario\/wp-json\/wp\/v2\/posts\/66061\/revisions"}],"predecessor-version":[{"id":66063,"href":"http:\/\/elurbanoweb.com.ar\/diario\/wp-json\/wp\/v2\/posts\/66061\/revisions\/66063"}],"wp:featuredmedia":[{"embeddable":true,"href":"http:\/\/elurbanoweb.com.ar\/diario\/wp-json\/wp\/v2\/media\/66062"}],"wp:attachment":[{"href":"http:\/\/elurbanoweb.com.ar\/diario\/wp-json\/wp\/v2\/media?parent=66061"}],"wp:term":[{"taxonomy":"category","embeddable":true,"href":"http:\/\/elurbanoweb.com.ar\/diario\/wp-json\/wp\/v2\/categories?post=66061"},{"taxonomy":"post_tag","embeddable":true,"href":"http:\/\/elurbanoweb.com.ar\/diario\/wp-json\/wp\/v2\/tags?post=66061"}],"curies":[{"name":"wp","href":"https:\/\/api.w.org\/{rel}","templated":true}]}}