{"id":66067,"date":"2026-02-07T09:52:26","date_gmt":"2026-02-07T12:52:26","guid":{"rendered":"https:\/\/elurbanoweb.com.ar\/diario\/?p=66067"},"modified":"2026-02-07T09:52:26","modified_gmt":"2026-02-07T12:52:26","slug":"la-intendente-fuentes-mantuvo-una-reunion-de-trabajo-con-la-nueva-comision-directiva-del-suoem","status":"publish","type":"post","link":"http:\/\/elurbanoweb.com.ar\/diario\/la-intendente-fuentes-mantuvo-una-reunion-de-trabajo-con-la-nueva-comision-directiva-del-suoem\/","title":{"rendered":"La intendente Fuentes mantuvo una reuni\u00f3n de trabajo con la nueva comisi\u00f3n directiva del Suoem"},"content":{"rendered":"<p>La intendente de la Capital, Ing. Norma Fuentes, recibi\u00f3 en el Sal\u00f3n de Acuerdos a la nueva comisi\u00f3n directiva del Sindicato Uni\u00f3n de Obreros y Empleados Municipales (Suoem), encabezada por su secretario general, Jos\u00e9 Alzogaray.<\/p>\n<p><img loading=\"lazy\" decoding=\"async\" class=\"alignnone wp-image-66068 size-large\" src=\"http:\/\/elurbanoweb.com.ar\/diario\/wp-content\/uploads\/2026\/02\/suoem1-1024x682.jpg\" alt=\"\" width=\"1024\" height=\"682\" srcset=\"http:\/\/elurbanoweb.com.ar\/diario\/wp-content\/uploads\/2026\/02\/suoem1-1024x682.jpg 1024w, http:\/\/elurbanoweb.com.ar\/diario\/wp-content\/uploads\/2026\/02\/suoem1-300x200.jpg 300w, http:\/\/elurbanoweb.com.ar\/diario\/wp-content\/uploads\/2026\/02\/suoem1-150x100.jpg 150w, http:\/\/elurbanoweb.com.ar\/diario\/wp-content\/uploads\/2026\/02\/suoem1-1536x1023.jpg 1536w, http:\/\/elurbanoweb.com.ar\/diario\/wp-content\/uploads\/2026\/02\/suoem1.jpg 1600w\" sizes=\"auto, (max-width: 1024px) 100vw, 1024px\" \/><\/p>\n<p><!--more--> El encuentro form\u00f3 parte del programa de di\u00e1logo y articulaci\u00f3n permanente que la Municipalidad mantiene con instituciones, organismos p\u00fablicos, entidades y asociaciones civiles de la ciudad.<\/p>\n<p>Asistieron adem\u00e1s Daniel Alustiza, secretario adjunto; Julio Vega, secretario de Finanzas; Edgar Paz, subsecretario Gremial; Mario Budan, secretario de Acci\u00f3n y Prevenci\u00f3n Social y Fabiana Gallo, secretario de Actas.<\/p>\n<p>La jefa comunal estuvo acompa\u00f1ada por los secretarios de Coordinaci\u00f3n, Daniel Kobylanski; de Gobierno, Walter Medina Salom\u00f3n; y de Econom\u00eda, Anabel Arce, y por el subsecretario de Econom\u00eda, Francisco Zamora.<\/p>\n","protected":false},"excerpt":{"rendered":"<p>La intendente de la Capital, Ing. Norma Fuentes, recibi\u00f3 en el Sal\u00f3n de Acuerdos a la nueva comisi\u00f3n directiva del Sindicato Uni\u00f3n de Obreros y Empleados Municipales (Suoem), encabezada por&hellip; <\/p>\n","protected":false},"author":1,"featured_media":66068,"comment_status":"closed","ping_status":"closed","sticky":false,"template":"","format":"standard","meta":{"footnotes":""},"categories":[3],"tags":[],"class_list":["post-66067","post","type-post","status-publish","format-standard","has-post-thumbnail","hentry","category-municipio"],"_links":{"self":[{"href":"http:\/\/elurbanoweb.com.ar\/diario\/wp-json\/wp\/v2\/posts\/66067","targetHints":{"allow":["GET"]}}],"collection":[{"href":"http:\/\/elurbanoweb.com.ar\/diario\/wp-json\/wp\/v2\/posts"}],"about":[{"href":"http:\/\/elurbanoweb.com.ar\/diario\/wp-json\/wp\/v2\/types\/post"}],"author":[{"embeddable":true,"href":"http:\/\/elurbanoweb.com.ar\/diario\/wp-json\/wp\/v2\/users\/1"}],"replies":[{"embeddable":true,"href":"http:\/\/elurbanoweb.com.ar\/diario\/wp-json\/wp\/v2\/comments?post=66067"}],"version-history":[{"count":1,"href":"http:\/\/elurbanoweb.com.ar\/diario\/wp-json\/wp\/v2\/posts\/66067\/revisions"}],"predecessor-version":[{"id":66069,"href":"http:\/\/elurbanoweb.com.ar\/diario\/wp-json\/wp\/v2\/posts\/66067\/revisions\/66069"}],"wp:featuredmedia":[{"embeddable":true,"href":"http:\/\/elurbanoweb.com.ar\/diario\/wp-json\/wp\/v2\/media\/66068"}],"wp:attachment":[{"href":"http:\/\/elurbanoweb.com.ar\/diario\/wp-json\/wp\/v2\/media?parent=66067"}],"wp:term":[{"taxonomy":"category","embeddable":true,"href":"http:\/\/elurbanoweb.com.ar\/diario\/wp-json\/wp\/v2\/categories?post=66067"},{"taxonomy":"post_tag","embeddable":true,"href":"http:\/\/elurbanoweb.com.ar\/diario\/wp-json\/wp\/v2\/tags?post=66067"}],"curies":[{"name":"wp","href":"https:\/\/api.w.org\/{rel}","templated":true}]}}