{"id":66157,"date":"2026-02-10T09:22:25","date_gmt":"2026-02-10T12:22:25","guid":{"rendered":"https:\/\/elurbanoweb.com.ar\/diario\/?p=66157"},"modified":"2026-02-10T09:22:25","modified_gmt":"2026-02-10T12:22:25","slug":"estudiantes-y-egresados-de-la-fcf-unse-inician-su-camino-en-la-investigacion-con-becas-del-conicet","status":"publish","type":"post","link":"http:\/\/elurbanoweb.com.ar\/diario\/estudiantes-y-egresados-de-la-fcf-unse-inician-su-camino-en-la-investigacion-con-becas-del-conicet\/","title":{"rendered":"Estudiantes y egresados de la FCF-UNSE inician su camino en la investigaci\u00f3n con becas del CONICET"},"content":{"rendered":"<p>Desde la Facultad de Ciencias Forestales de la Universidad Nacional de Santiago del Estero se celebra con orgullo la selecci\u00f3n de estudiantes y egresados de sus carreras como becarios doctorales del Consejo Nacional de Investigaciones Cient\u00edficas y T\u00e9cnicas (CONICET). Este reconocimiento no solo marca el inicio de una nueva etapa en sus trayectorias acad\u00e9micas y profesionales, sino que tambi\u00e9n constituye un logro colectivo, construido a partir de acompa\u00f1amientos docentes, espacios de formaci\u00f3n y aprendizajes compartidos que sostienen y potencian estos recorridos.<\/p>\n<p><img loading=\"lazy\" decoding=\"async\" class=\"alignnone wp-image-66158 size-large\" src=\"http:\/\/elurbanoweb.com.ar\/diario\/wp-content\/uploads\/2026\/02\/cuarteto-1024x527.jpg\" alt=\"\" width=\"1024\" height=\"527\" srcset=\"http:\/\/elurbanoweb.com.ar\/diario\/wp-content\/uploads\/2026\/02\/cuarteto-1024x527.jpg 1024w, http:\/\/elurbanoweb.com.ar\/diario\/wp-content\/uploads\/2026\/02\/cuarteto-300x154.jpg 300w, http:\/\/elurbanoweb.com.ar\/diario\/wp-content\/uploads\/2026\/02\/cuarteto-150x77.jpg 150w, http:\/\/elurbanoweb.com.ar\/diario\/wp-content\/uploads\/2026\/02\/cuarteto-1536x790.jpg 1536w, http:\/\/elurbanoweb.com.ar\/diario\/wp-content\/uploads\/2026\/02\/cuarteto.jpg 1600w\" sizes=\"auto, (max-width: 1024px) 100vw, 1024px\" \/><\/p>\n<p><!--more-->En este marco:<br \/>\nKaren Micaela Bravo, Ingeniera Forestal, desarrollar\u00e1 su investigaci\u00f3n sobre la fenolog\u00eda reproductiva y la ecofisiolog\u00eda de semillas de especies nativas del Espinal mesopot\u00e1mico, con el objetivo de contribuir a la restauraci\u00f3n y al manejo sostenible de estos bosques. Su trabajo se llevar\u00e1 a cabo en el CIBTA\u2013CIC y TTP-CONICET (Diamante, Entre R\u00edos), bajo la direcci\u00f3n del Dr. Pablo Ace\u00f1olaza y con el acompa\u00f1amiento de la Dra. Sabrina Rodr\u00edguez.<\/p>\n<p>Aldana Larisa Wottitz, Licenciada en Ecolog\u00eda y Conservaci\u00f3n del Ambiente, elaborar\u00e1 un mapa de severidad potencial de incendios para las Sierras de C\u00f3rdoba, integrando variables ambientales y antr\u00f3picas. Su beca se desarrollar\u00e1 en el IMBIV (UNC\u2013CONICET), con la direcci\u00f3n del Dr. Pedro Jaureguiberry y la codirecci\u00f3n de la Dra. Laura Cavallero.<\/p>\n<p>Victoria Su\u00e1rez Sosa, Licenciada en Ecolog\u00eda y Conservaci\u00f3n del Ambiente, trabajar\u00e1 en el dise\u00f1o de un sistema de evaluaci\u00f3n y monitoreo del desempe\u00f1o productivo, ambiental y social en el Chaco Seco. Su investigaci\u00f3n se realizar\u00e1 en el Laboratorio de SIG de la FCF-UNSE, bajo la direcci\u00f3n del Dr. Mat\u00edas Mastrangelo y la codirecci\u00f3n del Dr. Hugo Zerda.<\/p>\n<p>Pablo Corbal\u00e1n, estudiante tesista de la Licenciatura en Ecolog\u00eda y Conservaci\u00f3n del Ambiente, estudiar\u00e1 el potencial de captura de carbono en el Chaco Seco mediante herramientas de teledetecci\u00f3n e inteligencia artificial, con la direcci\u00f3n del Dr. Hugo Zerda y del Dr. Ignacio Gasparri.<br \/>\nEstas becas reafirman el rol de la Facultad de Ciencias Forestales como un espacio de construcci\u00f3n colectiva de conocimiento, que fortalecen la investigaci\u00f3n cient\u00edfica y consolidan el aporte de la universidad p\u00fablica al desarrollo sostenible de la regi\u00f3n.<\/p>\n","protected":false},"excerpt":{"rendered":"<p>Desde la Facultad de Ciencias Forestales de la Universidad Nacional de Santiago del Estero se celebra con orgullo la selecci\u00f3n de estudiantes y egresados de sus carreras como becarios doctorales&hellip; <\/p>\n","protected":false},"author":1,"featured_media":66158,"comment_status":"closed","ping_status":"closed","sticky":false,"template":"","format":"standard","meta":{"footnotes":""},"categories":[15],"tags":[],"class_list":["post-66157","post","type-post","status-publish","format-standard","has-post-thumbnail","hentry","category-unse"],"_links":{"self":[{"href":"http:\/\/elurbanoweb.com.ar\/diario\/wp-json\/wp\/v2\/posts\/66157","targetHints":{"allow":["GET"]}}],"collection":[{"href":"http:\/\/elurbanoweb.com.ar\/diario\/wp-json\/wp\/v2\/posts"}],"about":[{"href":"http:\/\/elurbanoweb.com.ar\/diario\/wp-json\/wp\/v2\/types\/post"}],"author":[{"embeddable":true,"href":"http:\/\/elurbanoweb.com.ar\/diario\/wp-json\/wp\/v2\/users\/1"}],"replies":[{"embeddable":true,"href":"http:\/\/elurbanoweb.com.ar\/diario\/wp-json\/wp\/v2\/comments?post=66157"}],"version-history":[{"count":1,"href":"http:\/\/elurbanoweb.com.ar\/diario\/wp-json\/wp\/v2\/posts\/66157\/revisions"}],"predecessor-version":[{"id":66159,"href":"http:\/\/elurbanoweb.com.ar\/diario\/wp-json\/wp\/v2\/posts\/66157\/revisions\/66159"}],"wp:featuredmedia":[{"embeddable":true,"href":"http:\/\/elurbanoweb.com.ar\/diario\/wp-json\/wp\/v2\/media\/66158"}],"wp:attachment":[{"href":"http:\/\/elurbanoweb.com.ar\/diario\/wp-json\/wp\/v2\/media?parent=66157"}],"wp:term":[{"taxonomy":"category","embeddable":true,"href":"http:\/\/elurbanoweb.com.ar\/diario\/wp-json\/wp\/v2\/categories?post=66157"},{"taxonomy":"post_tag","embeddable":true,"href":"http:\/\/elurbanoweb.com.ar\/diario\/wp-json\/wp\/v2\/tags?post=66157"}],"curies":[{"name":"wp","href":"https:\/\/api.w.org\/{rel}","templated":true}]}}