{"id":66163,"date":"2026-02-10T09:26:52","date_gmt":"2026-02-10T12:26:52","guid":{"rendered":"https:\/\/elurbanoweb.com.ar\/diario\/?p=66163"},"modified":"2026-02-10T09:26:52","modified_gmt":"2026-02-10T12:26:52","slug":"el-gobierno-provincial-inicio-la-mesa-de-dialogo-y-trabajo-para-definir-la-pauta-salarial-2026-de-la-administracion-publica","status":"publish","type":"post","link":"http:\/\/elurbanoweb.com.ar\/diario\/el-gobierno-provincial-inicio-la-mesa-de-dialogo-y-trabajo-para-definir-la-pauta-salarial-2026-de-la-administracion-publica\/","title":{"rendered":"El Gobierno provincial inici\u00f3 la Mesa de Di\u00e1logo y Trabajo para definir la pauta salarial 2026 de la administraci\u00f3n p\u00fablica"},"content":{"rendered":"<p>Tal como lo anunci\u00f3 oportunamente el gobernador El\u00edas Su\u00e1rez, este lunes por la tarde se iniciaron las reuniones de las autoridades del Gobierno de la provincia con representantes de los distintos sectores gremiales que forman parte de la Mesa de Di\u00e1logo y Trabajo, con la finalidad de avanzar en conversaciones que permitan establecer la pauta salarial 2026 para los trabajadores de la administraci\u00f3n p\u00fablica provincial.<\/p>\n<p><img loading=\"lazy\" decoding=\"async\" class=\"alignnone wp-image-66164 size-large\" src=\"http:\/\/elurbanoweb.com.ar\/diario\/wp-content\/uploads\/2026\/02\/dialogo3-1024x682.jpg\" alt=\"\" width=\"1024\" height=\"682\" srcset=\"http:\/\/elurbanoweb.com.ar\/diario\/wp-content\/uploads\/2026\/02\/dialogo3-1024x682.jpg 1024w, http:\/\/elurbanoweb.com.ar\/diario\/wp-content\/uploads\/2026\/02\/dialogo3-300x200.jpg 300w, http:\/\/elurbanoweb.com.ar\/diario\/wp-content\/uploads\/2026\/02\/dialogo3-150x100.jpg 150w, http:\/\/elurbanoweb.com.ar\/diario\/wp-content\/uploads\/2026\/02\/dialogo3-1536x1024.jpg 1536w, http:\/\/elurbanoweb.com.ar\/diario\/wp-content\/uploads\/2026\/02\/dialogo3-2048x1365.jpg 2048w\" sizes=\"auto, (max-width: 1024px) 100vw, 1024px\" \/><\/p>\n<p><!--more--><\/p>\n<p>El encuentro se desarroll\u00f3 en Casa de Gobierno y estuvo encabezada por el jefe de Gabinete, V\u00edctor Araujo, junto con la ministra de Justicia, Matilde O\u00b4Mill; el secretario general de la CGT Santiago del Estero, Jos\u00e9 G\u00f3mez; el titular de Utepse, Miguel Marquesano, entre otros representantes de las organizaciones sindicales.<\/p>\n<p>Como se recordar\u00e1, el gobernador Su\u00e1rez ratific\u00f3 su compromiso con los agentes de la administraci\u00f3n p\u00fablica provincial, al anunciar la semana pasada que la nueva pauta salarial ser\u00e1 oficializada hasta el d\u00eda mi\u00e9rcoles de 18 de febrero, d\u00eda en que retornar\u00e1n a sus actividades los docentes santiague\u00f1os.<\/p>\n<p>Con esa finalidad, el mandatario instruy\u00f3 al jefe de Gabinete para que convoque a la Mesa de Di\u00e1logo y Trabajo, con el fin de que en el transcurso de estos d\u00edas \u201cse puedan debatir, discutir y conversar sobre las distintas alternativas que existen para la pauta salarial de este a\u00f1o y que todo lo que all\u00ed se resuelva\u201d.<\/p>\n","protected":false},"excerpt":{"rendered":"<p>Tal como lo anunci\u00f3 oportunamente el gobernador El\u00edas Su\u00e1rez, este lunes por la tarde se iniciaron las reuniones de las autoridades del Gobierno de la provincia con representantes de los&hellip; <\/p>\n","protected":false},"author":1,"featured_media":66164,"comment_status":"closed","ping_status":"closed","sticky":false,"template":"","format":"standard","meta":{"footnotes":""},"categories":[2],"tags":[],"class_list":["post-66163","post","type-post","status-publish","format-standard","has-post-thumbnail","hentry","category-gobierno"],"_links":{"self":[{"href":"http:\/\/elurbanoweb.com.ar\/diario\/wp-json\/wp\/v2\/posts\/66163","targetHints":{"allow":["GET"]}}],"collection":[{"href":"http:\/\/elurbanoweb.com.ar\/diario\/wp-json\/wp\/v2\/posts"}],"about":[{"href":"http:\/\/elurbanoweb.com.ar\/diario\/wp-json\/wp\/v2\/types\/post"}],"author":[{"embeddable":true,"href":"http:\/\/elurbanoweb.com.ar\/diario\/wp-json\/wp\/v2\/users\/1"}],"replies":[{"embeddable":true,"href":"http:\/\/elurbanoweb.com.ar\/diario\/wp-json\/wp\/v2\/comments?post=66163"}],"version-history":[{"count":1,"href":"http:\/\/elurbanoweb.com.ar\/diario\/wp-json\/wp\/v2\/posts\/66163\/revisions"}],"predecessor-version":[{"id":66165,"href":"http:\/\/elurbanoweb.com.ar\/diario\/wp-json\/wp\/v2\/posts\/66163\/revisions\/66165"}],"wp:featuredmedia":[{"embeddable":true,"href":"http:\/\/elurbanoweb.com.ar\/diario\/wp-json\/wp\/v2\/media\/66164"}],"wp:attachment":[{"href":"http:\/\/elurbanoweb.com.ar\/diario\/wp-json\/wp\/v2\/media?parent=66163"}],"wp:term":[{"taxonomy":"category","embeddable":true,"href":"http:\/\/elurbanoweb.com.ar\/diario\/wp-json\/wp\/v2\/categories?post=66163"},{"taxonomy":"post_tag","embeddable":true,"href":"http:\/\/elurbanoweb.com.ar\/diario\/wp-json\/wp\/v2\/tags?post=66163"}],"curies":[{"name":"wp","href":"https:\/\/api.w.org\/{rel}","templated":true}]}}