{"id":66172,"date":"2026-02-10T14:06:06","date_gmt":"2026-02-10T17:06:06","guid":{"rendered":"https:\/\/elurbanoweb.com.ar\/diario\/?p=66172"},"modified":"2026-02-10T14:06:06","modified_gmt":"2026-02-10T17:06:06","slug":"la-intendente-fuentes-superviso-los-trabajos-de-la-demarcacion-de-las-sendas-peatonales","status":"publish","type":"post","link":"http:\/\/elurbanoweb.com.ar\/diario\/la-intendente-fuentes-superviso-los-trabajos-de-la-demarcacion-de-las-sendas-peatonales\/","title":{"rendered":"La intendente Fuentes supervis\u00f3 los trabajos de la demarcaci\u00f3n de las sendas peatonales"},"content":{"rendered":"<p>La intendente, Ing. Norma Fuentes, supervis\u00f3 la noche del lunes los trabajos de demarcaci\u00f3n de sendas peatonales y l\u00edneas de frenado, que comprenden m\u00e1s de 200 esquinas de la ciudad.<\/p>\n<p><img loading=\"lazy\" decoding=\"async\" class=\"alignnone wp-image-66173 size-large\" src=\"http:\/\/elurbanoweb.com.ar\/diario\/wp-content\/uploads\/2026\/02\/sendas0-1024x683.jpg\" alt=\"\" width=\"1024\" height=\"683\" srcset=\"http:\/\/elurbanoweb.com.ar\/diario\/wp-content\/uploads\/2026\/02\/sendas0-1024x683.jpg 1024w, http:\/\/elurbanoweb.com.ar\/diario\/wp-content\/uploads\/2026\/02\/sendas0-300x200.jpg 300w, http:\/\/elurbanoweb.com.ar\/diario\/wp-content\/uploads\/2026\/02\/sendas0-150x100.jpg 150w, http:\/\/elurbanoweb.com.ar\/diario\/wp-content\/uploads\/2026\/02\/sendas0.jpg 1392w\" sizes=\"auto, (max-width: 1024px) 100vw, 1024px\" \/><\/p>\n<p><!--more--> La jefa comunal, acompa\u00f1ada por funcionarios, remarc\u00f3 que estas tareas apuntan a continuar con el Programa de ordenamiento vehicular y seguridad vial que lleva adelante la Municipalidad de la Capital.<\/p>\n<p>En el cruce de Independencia y Almancio Alcorta, la intendente sigui\u00f3 de cerca el avance de la obra que se realiza en horario nocturno, para evitar inconvenientes en el desenvolvimiento del tr\u00e1nsito.<\/p>\n<p>Para esta tarea, se utiliza pintura termopl\u00e1stica aplicada por extrusi\u00f3n con sembrado de microesferas de vidrio. Tambi\u00e9n se aplica una capa de pintura reflectiva por m\u00e9todos mec\u00e1nicos sobre la calzada con la finalidad de que queden correctamente demarcadas las sendas peatonales y las l\u00edneas de frenado de veh\u00edculos.<\/p>\n<p>La Ing. Fuentes expres\u00f3 que los trabajos continuar\u00e1n con la demarcaci\u00f3n de los carriles para veh\u00edculos, con las l\u00edneas punteadas y siguiendo la direcci\u00f3n del tr\u00e1nsito a partir de la senda peatonal.<\/p>\n","protected":false},"excerpt":{"rendered":"<p>La intendente, Ing. Norma Fuentes, supervis\u00f3 la noche del lunes los trabajos de demarcaci\u00f3n de sendas peatonales y l\u00edneas de frenado, que comprenden m\u00e1s de 200 esquinas de la ciudad.<\/p>\n","protected":false},"author":1,"featured_media":66173,"comment_status":"closed","ping_status":"closed","sticky":false,"template":"","format":"standard","meta":{"footnotes":""},"categories":[3],"tags":[],"class_list":["post-66172","post","type-post","status-publish","format-standard","has-post-thumbnail","hentry","category-municipio"],"_links":{"self":[{"href":"http:\/\/elurbanoweb.com.ar\/diario\/wp-json\/wp\/v2\/posts\/66172","targetHints":{"allow":["GET"]}}],"collection":[{"href":"http:\/\/elurbanoweb.com.ar\/diario\/wp-json\/wp\/v2\/posts"}],"about":[{"href":"http:\/\/elurbanoweb.com.ar\/diario\/wp-json\/wp\/v2\/types\/post"}],"author":[{"embeddable":true,"href":"http:\/\/elurbanoweb.com.ar\/diario\/wp-json\/wp\/v2\/users\/1"}],"replies":[{"embeddable":true,"href":"http:\/\/elurbanoweb.com.ar\/diario\/wp-json\/wp\/v2\/comments?post=66172"}],"version-history":[{"count":1,"href":"http:\/\/elurbanoweb.com.ar\/diario\/wp-json\/wp\/v2\/posts\/66172\/revisions"}],"predecessor-version":[{"id":66174,"href":"http:\/\/elurbanoweb.com.ar\/diario\/wp-json\/wp\/v2\/posts\/66172\/revisions\/66174"}],"wp:featuredmedia":[{"embeddable":true,"href":"http:\/\/elurbanoweb.com.ar\/diario\/wp-json\/wp\/v2\/media\/66173"}],"wp:attachment":[{"href":"http:\/\/elurbanoweb.com.ar\/diario\/wp-json\/wp\/v2\/media?parent=66172"}],"wp:term":[{"taxonomy":"category","embeddable":true,"href":"http:\/\/elurbanoweb.com.ar\/diario\/wp-json\/wp\/v2\/categories?post=66172"},{"taxonomy":"post_tag","embeddable":true,"href":"http:\/\/elurbanoweb.com.ar\/diario\/wp-json\/wp\/v2\/tags?post=66172"}],"curies":[{"name":"wp","href":"https:\/\/api.w.org\/{rel}","templated":true}]}}