{"id":66188,"date":"2026-02-11T12:39:22","date_gmt":"2026-02-11T15:39:22","guid":{"rendered":"https:\/\/elurbanoweb.com.ar\/diario\/?p=66188"},"modified":"2026-02-11T12:39:22","modified_gmt":"2026-02-11T15:39:22","slug":"concretaron-charla-sobre-produccion-porcina-en-colonia-el-simbolar","status":"publish","type":"post","link":"http:\/\/elurbanoweb.com.ar\/diario\/concretaron-charla-sobre-produccion-porcina-en-colonia-el-simbolar\/","title":{"rendered":"Concretaron charla sobre Producci\u00f3n Porcina en Colonia El Simbolar"},"content":{"rendered":"<p>Este martes, a las 9 hs., en el Foro CES de Colonia El Simbolar, se llev\u00f3 a cabo una charla informativa sobre Producci\u00f3n Porcina, organizada por la Subsecretar\u00eda de Recursos Naturales y Tierras, dependiente del Ministerio de la Producci\u00f3n de la provincia.<\/p>\n<p><img loading=\"lazy\" decoding=\"async\" class=\"alignnone wp-image-66189 size-full\" src=\"http:\/\/elurbanoweb.com.ar\/diario\/wp-content\/uploads\/2026\/02\/porcina.jpg\" alt=\"\" width=\"1010\" height=\"567\" srcset=\"http:\/\/elurbanoweb.com.ar\/diario\/wp-content\/uploads\/2026\/02\/porcina.jpg 1010w, http:\/\/elurbanoweb.com.ar\/diario\/wp-content\/uploads\/2026\/02\/porcina-300x168.jpg 300w, http:\/\/elurbanoweb.com.ar\/diario\/wp-content\/uploads\/2026\/02\/porcina-150x84.jpg 150w\" sizes=\"auto, (max-width: 1010px) 100vw, 1010px\" \/><\/p>\n<p><!--more--><\/p>\n<p>La jornada tuvo como objetivo visibilizar el potencial productivo de Santiago del Estero y brindar herramientas concretas para el desarrollo del sector porcino, en respuesta a una demanda planteada por productores de la zona en los espacios de di\u00e1logo impulsados por el Ministerio.<\/p>\n<p>La convocatoria fue altamente positiva: m\u00e1s de 30 productores del departamento Robles participaron activamente del encuentro, mostrando inter\u00e9s en conocer la situaci\u00f3n actual del sector y las posibilidades de inserci\u00f3n productiva.<\/p>\n<p>Durante la charla se abordaron los siguientes ejes: Cadena Porcina en Santiago del Estero y Pol\u00edticas p\u00fablicas para el sector porcino, a cargo de la Ing. Agr. Noelia Rojo Cantos; Actualidad del sector porcino: inversi\u00f3n y negocio, disertado por el Ing. Zoot. Juan Luis Uccelli.<\/p>\n<p>En ese marco, el subsecretario de la Producci\u00f3n, profesor \u00c1ngel I\u00f1iguez, destac\u00f3 que la jornada \u201cresponde a un requerimiento concreto del sector productivo de Colonia El Simbolar, que ven\u00eda solicitando informaci\u00f3n y acompa\u00f1amiento para conocer m\u00e1s sobre la producci\u00f3n porcina en la provincia\u201d.<\/p>\n","protected":false},"excerpt":{"rendered":"<p>Este martes, a las 9 hs., en el Foro CES de Colonia El Simbolar, se llev\u00f3 a cabo una charla informativa sobre Producci\u00f3n Porcina, organizada por la Subsecretar\u00eda de Recursos&hellip; <\/p>\n","protected":false},"author":1,"featured_media":66189,"comment_status":"closed","ping_status":"closed","sticky":false,"template":"","format":"standard","meta":{"footnotes":""},"categories":[10],"tags":[],"class_list":["post-66188","post","type-post","status-publish","format-standard","has-post-thumbnail","hentry","category-interior"],"_links":{"self":[{"href":"http:\/\/elurbanoweb.com.ar\/diario\/wp-json\/wp\/v2\/posts\/66188","targetHints":{"allow":["GET"]}}],"collection":[{"href":"http:\/\/elurbanoweb.com.ar\/diario\/wp-json\/wp\/v2\/posts"}],"about":[{"href":"http:\/\/elurbanoweb.com.ar\/diario\/wp-json\/wp\/v2\/types\/post"}],"author":[{"embeddable":true,"href":"http:\/\/elurbanoweb.com.ar\/diario\/wp-json\/wp\/v2\/users\/1"}],"replies":[{"embeddable":true,"href":"http:\/\/elurbanoweb.com.ar\/diario\/wp-json\/wp\/v2\/comments?post=66188"}],"version-history":[{"count":1,"href":"http:\/\/elurbanoweb.com.ar\/diario\/wp-json\/wp\/v2\/posts\/66188\/revisions"}],"predecessor-version":[{"id":66190,"href":"http:\/\/elurbanoweb.com.ar\/diario\/wp-json\/wp\/v2\/posts\/66188\/revisions\/66190"}],"wp:featuredmedia":[{"embeddable":true,"href":"http:\/\/elurbanoweb.com.ar\/diario\/wp-json\/wp\/v2\/media\/66189"}],"wp:attachment":[{"href":"http:\/\/elurbanoweb.com.ar\/diario\/wp-json\/wp\/v2\/media?parent=66188"}],"wp:term":[{"taxonomy":"category","embeddable":true,"href":"http:\/\/elurbanoweb.com.ar\/diario\/wp-json\/wp\/v2\/categories?post=66188"},{"taxonomy":"post_tag","embeddable":true,"href":"http:\/\/elurbanoweb.com.ar\/diario\/wp-json\/wp\/v2\/tags?post=66188"}],"curies":[{"name":"wp","href":"https:\/\/api.w.org\/{rel}","templated":true}]}}