{"id":66200,"date":"2026-02-11T12:46:59","date_gmt":"2026-02-11T15:46:59","guid":{"rendered":"https:\/\/elurbanoweb.com.ar\/diario\/?p=66200"},"modified":"2026-02-11T12:46:59","modified_gmt":"2026-02-11T15:46:59","slug":"abrieron-las-preinscripciones-para-la-cohorte-2026-de-la-licenciatura-en-periodismo-en-la-unse","status":"publish","type":"post","link":"http:\/\/elurbanoweb.com.ar\/diario\/abrieron-las-preinscripciones-para-la-cohorte-2026-de-la-licenciatura-en-periodismo-en-la-unse\/","title":{"rendered":"Abrieron las preinscripciones para la Cohorte 2026 de la Licenciatura en Periodismo en la Unse"},"content":{"rendered":"<p>Con el objetivo de formar recursos humanos para nuestra provincia, que signifiquen instrumentos de transformaci\u00f3n de la realidad en un marco democr\u00e1tico, que involucra el derecho a la informaci\u00f3n y la circulaci\u00f3n del conocimiento para el logro de mayores niveles de inclusi\u00f3n social y equidad, la Facultad de Humanidades, Ciencias Sociales y de la Salud de la UNSE abre las inscripciones para la Cohorte 2026 de la Licenciatura en Periodismo en su modalidad de Ciclo de Complementaci\u00f3n Curricular.<\/p>\n<p><img loading=\"lazy\" decoding=\"async\" class=\"alignnone wp-image-66201 size-full\" src=\"http:\/\/elurbanoweb.com.ar\/diario\/wp-content\/uploads\/2026\/02\/periodismo.jpg\" alt=\"\" width=\"1010\" height=\"567\" srcset=\"http:\/\/elurbanoweb.com.ar\/diario\/wp-content\/uploads\/2026\/02\/periodismo.jpg 1010w, http:\/\/elurbanoweb.com.ar\/diario\/wp-content\/uploads\/2026\/02\/periodismo-300x168.jpg 300w, http:\/\/elurbanoweb.com.ar\/diario\/wp-content\/uploads\/2026\/02\/periodismo-150x84.jpg 150w\" sizes=\"auto, (max-width: 1010px) 100vw, 1010px\" \/><\/p>\n<p><!--more--><\/p>\n<p>Los Destinatarios de esta oferta acad\u00e9mica son egresados de nivel superior con t\u00edtulo de Periodista Profesional, Periodista Integral y Deportivo; T\u00e9cnicos Universitarios en Periodismo; adem\u00e1s de egresados de t\u00edtulos equivalentes como T\u00e9cnicos Universitarios en Dise\u00f1o Gr\u00e1fico y T\u00e9cnicos Universitarios en Producci\u00f3n Audiovisual, que esperan acrecentar su formaci\u00f3n profesional en el \u00e1mbito universitario. Tales titulaciones deber\u00e1n contar con cargas horarias no inferiores a 1.365 horas reloj distribuidas en planes de estudio de cursado no inferiores a tres a\u00f1os, cuyo n\u00facleo de formaci\u00f3n sea del campo disciplinar del Periodismo.<\/p>\n<p>\u00bfC\u00f3mo hacer para preinscribirte? Escribir al correo a periounse@gmail.com con el asunto \u00abPreinscripci\u00f3n Periodismo\u00bb, en el que consignes los siguientes datos: Nombre y apellido, DNI, Instituto y a\u00f1o del egreso de la tecnicatura N\u00famero de tel\u00e9fono particular.<\/p>\n<p>Por consultas sobre plan de estudios, requisitos y perfil del egresado http:\/\/fhu.unse.edu.ar\/index.php\/obperiodismo<\/p>\n<p>Tambi\u00e9n puedes ingresar a este formulario: Preinscripci\u00f3n Licenciatura en Periodismo 2026<\/p>\n","protected":false},"excerpt":{"rendered":"<p>Con el objetivo de formar recursos humanos para nuestra provincia, que signifiquen instrumentos de transformaci\u00f3n de la realidad en un marco democr\u00e1tico, que involucra el derecho a la informaci\u00f3n y&hellip; <\/p>\n","protected":false},"author":1,"featured_media":66201,"comment_status":"closed","ping_status":"closed","sticky":false,"template":"","format":"standard","meta":{"footnotes":""},"categories":[15],"tags":[],"class_list":["post-66200","post","type-post","status-publish","format-standard","has-post-thumbnail","hentry","category-unse"],"_links":{"self":[{"href":"http:\/\/elurbanoweb.com.ar\/diario\/wp-json\/wp\/v2\/posts\/66200","targetHints":{"allow":["GET"]}}],"collection":[{"href":"http:\/\/elurbanoweb.com.ar\/diario\/wp-json\/wp\/v2\/posts"}],"about":[{"href":"http:\/\/elurbanoweb.com.ar\/diario\/wp-json\/wp\/v2\/types\/post"}],"author":[{"embeddable":true,"href":"http:\/\/elurbanoweb.com.ar\/diario\/wp-json\/wp\/v2\/users\/1"}],"replies":[{"embeddable":true,"href":"http:\/\/elurbanoweb.com.ar\/diario\/wp-json\/wp\/v2\/comments?post=66200"}],"version-history":[{"count":1,"href":"http:\/\/elurbanoweb.com.ar\/diario\/wp-json\/wp\/v2\/posts\/66200\/revisions"}],"predecessor-version":[{"id":66202,"href":"http:\/\/elurbanoweb.com.ar\/diario\/wp-json\/wp\/v2\/posts\/66200\/revisions\/66202"}],"wp:featuredmedia":[{"embeddable":true,"href":"http:\/\/elurbanoweb.com.ar\/diario\/wp-json\/wp\/v2\/media\/66201"}],"wp:attachment":[{"href":"http:\/\/elurbanoweb.com.ar\/diario\/wp-json\/wp\/v2\/media?parent=66200"}],"wp:term":[{"taxonomy":"category","embeddable":true,"href":"http:\/\/elurbanoweb.com.ar\/diario\/wp-json\/wp\/v2\/categories?post=66200"},{"taxonomy":"post_tag","embeddable":true,"href":"http:\/\/elurbanoweb.com.ar\/diario\/wp-json\/wp\/v2\/tags?post=66200"}],"curies":[{"name":"wp","href":"https:\/\/api.w.org\/{rel}","templated":true}]}}