{"id":66209,"date":"2026-02-11T12:52:49","date_gmt":"2026-02-11T15:52:49","guid":{"rendered":"https:\/\/elurbanoweb.com.ar\/diario\/?p=66209"},"modified":"2026-02-11T12:52:49","modified_gmt":"2026-02-11T15:52:49","slug":"la-canada-se-prepara-para-vivir-el-carnaval-2026-con-musica-color-y-un-fuerte-sentido-solidario","status":"publish","type":"post","link":"http:\/\/elurbanoweb.com.ar\/diario\/la-canada-se-prepara-para-vivir-el-carnaval-2026-con-musica-color-y-un-fuerte-sentido-solidario\/","title":{"rendered":"La Ca\u00f1ada se prepara para vivir el Carnaval 2026 con m\u00fasica, color y un fuerte sentido solidario"},"content":{"rendered":"<p>La localidad de La Ca\u00f1ada se alista para celebrar una de las fiestas populares m\u00e1s esperadas del a\u00f1o. Este s\u00e1bado 14 de febrero, desde las 21, se llevar\u00e1 a cabo el Carnaval 2026, una propuesta que promete m\u00fasica, color y encuentro comunitario, con un marcado esp\u00edritu solidario.<\/p>\n<p><img loading=\"lazy\" decoding=\"async\" class=\"alignnone wp-image-66210 size-full\" src=\"http:\/\/elurbanoweb.com.ar\/diario\/wp-content\/uploads\/2026\/02\/canada3.jpg\" alt=\"\" width=\"960\" height=\"640\" srcset=\"http:\/\/elurbanoweb.com.ar\/diario\/wp-content\/uploads\/2026\/02\/canada3.jpg 960w, http:\/\/elurbanoweb.com.ar\/diario\/wp-content\/uploads\/2026\/02\/canada3-300x200.jpg 300w, http:\/\/elurbanoweb.com.ar\/diario\/wp-content\/uploads\/2026\/02\/canada3-150x100.jpg 150w\" sizes=\"auto, (max-width: 960px) 100vw, 960px\" \/><\/p>\n<p><!--more--><\/p>\n<p>Las actividades comenzar\u00e1n con el Gran Corso sobre la avenida San Mart\u00edn, donde comparsas y expresiones carnavaleras desplegar\u00e1n ritmo y alegr\u00eda. Luego, la celebraci\u00f3n continuar\u00e1 en el Polideportivo Municipal, con un show en vivo que invitar\u00e1 a seguir bailando y compartiendo en familia.<\/p>\n<p>La noche contar\u00e1 con la presentaci\u00f3n de La Nueva Juventud, que aportar\u00e1 todo el sentimiento del chamam\u00e9, y Ale Guill\u00edn, con la energ\u00eda de la guaracha, conformando una grilla musical pensada para todos los gustos.<\/p>\n<p>En ese marco, el comisionado municipal Cristian Abiakel destac\u00f3 la importancia del carnaval como espacio de identidad y encuentro social. \u201cEl carnaval es una fiesta que nos representa, que re\u00fane a las familias y que pone en valor nuestras tradiciones culturales\u201d, se\u00f1al\u00f3, al tiempo que invit\u00f3 a la comunidad y a visitantes de localidades vecinas a sumarse a la celebraci\u00f3n.<\/p>\n<p>Abiakel remarc\u00f3 adem\u00e1s el car\u00e1cter solidario del evento, ya que la entrada ser\u00e1 mediante alcanc\u00eda voluntaria y todo lo recaudado ser\u00e1 destinado a los comedores comunitarios municipales. \u201cQueremos que la alegr\u00eda del carnaval tambi\u00e9n se transforme en un gesto de ayuda concreta para quienes m\u00e1s lo necesitan\u201d, expres\u00f3.<\/p>\n<p>Desde la organizaci\u00f3n informaron que durante la noche habr\u00e1 venta de espuma, harina y t\u00e9mperas, para que el p\u00fablico pueda participar plenamente del clima festivo, siempre priorizando el respeto y la convivencia.<\/p>\n<p>De esta manera, La Ca\u00f1ada se prepara para vivir una jornada de celebraci\u00f3n popular, donde la m\u00fasica, la tradici\u00f3n y la solidaridad se conjugan en un carnaval pensado para compartir y disfrutar en comunidad.<\/p>\n","protected":false},"excerpt":{"rendered":"<p>La localidad de La Ca\u00f1ada se alista para celebrar una de las fiestas populares m\u00e1s esperadas del a\u00f1o. Este s\u00e1bado 14 de febrero, desde las 21, se llevar\u00e1 a cabo&hellip; <\/p>\n","protected":false},"author":1,"featured_media":66210,"comment_status":"closed","ping_status":"closed","sticky":false,"template":"","format":"standard","meta":{"footnotes":""},"categories":[10],"tags":[],"class_list":["post-66209","post","type-post","status-publish","format-standard","has-post-thumbnail","hentry","category-interior"],"_links":{"self":[{"href":"http:\/\/elurbanoweb.com.ar\/diario\/wp-json\/wp\/v2\/posts\/66209","targetHints":{"allow":["GET"]}}],"collection":[{"href":"http:\/\/elurbanoweb.com.ar\/diario\/wp-json\/wp\/v2\/posts"}],"about":[{"href":"http:\/\/elurbanoweb.com.ar\/diario\/wp-json\/wp\/v2\/types\/post"}],"author":[{"embeddable":true,"href":"http:\/\/elurbanoweb.com.ar\/diario\/wp-json\/wp\/v2\/users\/1"}],"replies":[{"embeddable":true,"href":"http:\/\/elurbanoweb.com.ar\/diario\/wp-json\/wp\/v2\/comments?post=66209"}],"version-history":[{"count":1,"href":"http:\/\/elurbanoweb.com.ar\/diario\/wp-json\/wp\/v2\/posts\/66209\/revisions"}],"predecessor-version":[{"id":66211,"href":"http:\/\/elurbanoweb.com.ar\/diario\/wp-json\/wp\/v2\/posts\/66209\/revisions\/66211"}],"wp:featuredmedia":[{"embeddable":true,"href":"http:\/\/elurbanoweb.com.ar\/diario\/wp-json\/wp\/v2\/media\/66210"}],"wp:attachment":[{"href":"http:\/\/elurbanoweb.com.ar\/diario\/wp-json\/wp\/v2\/media?parent=66209"}],"wp:term":[{"taxonomy":"category","embeddable":true,"href":"http:\/\/elurbanoweb.com.ar\/diario\/wp-json\/wp\/v2\/categories?post=66209"},{"taxonomy":"post_tag","embeddable":true,"href":"http:\/\/elurbanoweb.com.ar\/diario\/wp-json\/wp\/v2\/tags?post=66209"}],"curies":[{"name":"wp","href":"https:\/\/api.w.org\/{rel}","templated":true}]}}