{"id":66227,"date":"2026-02-12T09:30:39","date_gmt":"2026-02-12T12:30:39","guid":{"rendered":"https:\/\/elurbanoweb.com.ar\/diario\/?p=66227"},"modified":"2026-02-12T09:30:39","modified_gmt":"2026-02-12T12:30:39","slug":"la-intendente-fuentes-visito-la-colonia-de-vacaciones-itinerante-e-inclusiva-de-sonckoymanta","status":"publish","type":"post","link":"http:\/\/elurbanoweb.com.ar\/diario\/la-intendente-fuentes-visito-la-colonia-de-vacaciones-itinerante-e-inclusiva-de-sonckoymanta\/","title":{"rendered":"La intendente Fuentes visit\u00f3 la colonia de vacaciones itinerante e inclusiva de Sonckoymanta"},"content":{"rendered":"<p>La intendente, Ing. Norma Fuentes, asisti\u00f3 a la colonia de vacaciones itinerante e inclusiva, organizada por la asociaci\u00f3n Sonckoymanta con el apoyo de la Municipalidad de la Capital, durante su visita al Parque del Encuentro.<\/p>\n<p><img loading=\"lazy\" decoding=\"async\" class=\"alignnone wp-image-66228 size-large\" src=\"http:\/\/elurbanoweb.com.ar\/diario\/wp-content\/uploads\/2026\/02\/inclusiva-1024x687.jpg\" alt=\"\" width=\"1024\" height=\"687\" srcset=\"http:\/\/elurbanoweb.com.ar\/diario\/wp-content\/uploads\/2026\/02\/inclusiva-1024x687.jpg 1024w, http:\/\/elurbanoweb.com.ar\/diario\/wp-content\/uploads\/2026\/02\/inclusiva-300x201.jpg 300w, http:\/\/elurbanoweb.com.ar\/diario\/wp-content\/uploads\/2026\/02\/inclusiva-150x101.jpg 150w, http:\/\/elurbanoweb.com.ar\/diario\/wp-content\/uploads\/2026\/02\/inclusiva-1536x1030.jpg 1536w, http:\/\/elurbanoweb.com.ar\/diario\/wp-content\/uploads\/2026\/02\/inclusiva.jpg 2048w\" sizes=\"auto, (max-width: 1024px) 100vw, 1024px\" \/><\/p>\n<p><!--more--> Se trata de un espacio de recreaci\u00f3n, aprendizaje y contenci\u00f3n que se desarrolla en distintos puntos de la ciudad, acercando oportunidades a ni\u00f1os, ni\u00f1as y j\u00f3venes con y sin discapacidad.<\/p>\n<p>All\u00ed, la Ing. Fuentes dialog\u00f3 con la presidente de Sonckoymanta, Yanina Toscano, con padres que forman parte de la entidad y profesores, a quienes les transmiti\u00f3 el compromiso de seguir colaborando con el trabajo a favor de las personas con discapacidad.<\/p>\n<p><img loading=\"lazy\" decoding=\"async\" class=\"alignnone wp-image-66229 size-large\" src=\"http:\/\/elurbanoweb.com.ar\/diario\/wp-content\/uploads\/2026\/02\/inclusiva1-1024x683.jpg\" alt=\"\" width=\"1024\" height=\"683\" srcset=\"http:\/\/elurbanoweb.com.ar\/diario\/wp-content\/uploads\/2026\/02\/inclusiva1-1024x683.jpg 1024w, http:\/\/elurbanoweb.com.ar\/diario\/wp-content\/uploads\/2026\/02\/inclusiva1-300x200.jpg 300w, http:\/\/elurbanoweb.com.ar\/diario\/wp-content\/uploads\/2026\/02\/inclusiva1-150x100.jpg 150w, http:\/\/elurbanoweb.com.ar\/diario\/wp-content\/uploads\/2026\/02\/inclusiva1-1536x1025.jpg 1536w, http:\/\/elurbanoweb.com.ar\/diario\/wp-content\/uploads\/2026\/02\/inclusiva1.jpg 2048w\" sizes=\"auto, (max-width: 1024px) 100vw, 1024px\" \/><\/p>\n<p>Acompa\u00f1aron a la jefa comunal, el secretario de Gobierno, Walter Medina Salom\u00f3n; los subsecretarios de Salud y Desarrollo Social, Mauro Kalinski, y de Gobierno, Diego Brunet, y otros funcionarios.<\/p>\n<p>La modalidad de la colonia de vacaciones itinerante permiti\u00f3 llegar a diferentes lugares culturales de la ciudad como CCB, la plaza Libertad, el Parque Sur, museo interactivo, granja, el Estadio Madre de Ciudades, el parque Mama Antula, entre otros, promoviendo un enfoque de oportunidades para conocer y disfrutar, fortaleciendo el trabajo en redes con diferentes instituci\u00f3n p\u00fablicas .<\/p>\n<p>Entre las actividades desarrolladas est\u00e1n talleres de teatro y expresi\u00f3n corporal, juegos inclusivos, estimulaci\u00f3n sensorial, pr\u00e1cticas como cocina y amasado, campamento, actividades en piletas, salidas y experiencias al aire libre.<\/p>\n","protected":false},"excerpt":{"rendered":"<p>La intendente, Ing. Norma Fuentes, asisti\u00f3 a la colonia de vacaciones itinerante e inclusiva, organizada por la asociaci\u00f3n Sonckoymanta con el apoyo de la Municipalidad de la Capital, durante su&hellip; <\/p>\n","protected":false},"author":1,"featured_media":66228,"comment_status":"closed","ping_status":"closed","sticky":false,"template":"","format":"standard","meta":{"footnotes":""},"categories":[3],"tags":[],"class_list":["post-66227","post","type-post","status-publish","format-standard","has-post-thumbnail","hentry","category-municipio"],"_links":{"self":[{"href":"http:\/\/elurbanoweb.com.ar\/diario\/wp-json\/wp\/v2\/posts\/66227","targetHints":{"allow":["GET"]}}],"collection":[{"href":"http:\/\/elurbanoweb.com.ar\/diario\/wp-json\/wp\/v2\/posts"}],"about":[{"href":"http:\/\/elurbanoweb.com.ar\/diario\/wp-json\/wp\/v2\/types\/post"}],"author":[{"embeddable":true,"href":"http:\/\/elurbanoweb.com.ar\/diario\/wp-json\/wp\/v2\/users\/1"}],"replies":[{"embeddable":true,"href":"http:\/\/elurbanoweb.com.ar\/diario\/wp-json\/wp\/v2\/comments?post=66227"}],"version-history":[{"count":1,"href":"http:\/\/elurbanoweb.com.ar\/diario\/wp-json\/wp\/v2\/posts\/66227\/revisions"}],"predecessor-version":[{"id":66230,"href":"http:\/\/elurbanoweb.com.ar\/diario\/wp-json\/wp\/v2\/posts\/66227\/revisions\/66230"}],"wp:featuredmedia":[{"embeddable":true,"href":"http:\/\/elurbanoweb.com.ar\/diario\/wp-json\/wp\/v2\/media\/66228"}],"wp:attachment":[{"href":"http:\/\/elurbanoweb.com.ar\/diario\/wp-json\/wp\/v2\/media?parent=66227"}],"wp:term":[{"taxonomy":"category","embeddable":true,"href":"http:\/\/elurbanoweb.com.ar\/diario\/wp-json\/wp\/v2\/categories?post=66227"},{"taxonomy":"post_tag","embeddable":true,"href":"http:\/\/elurbanoweb.com.ar\/diario\/wp-json\/wp\/v2\/tags?post=66227"}],"curies":[{"name":"wp","href":"https:\/\/api.w.org\/{rel}","templated":true}]}}