{"id":66231,"date":"2026-02-12T09:32:23","date_gmt":"2026-02-12T12:32:23","guid":{"rendered":"https:\/\/elurbanoweb.com.ar\/diario\/?p=66231"},"modified":"2026-02-12T09:32:23","modified_gmt":"2026-02-12T12:32:23","slug":"neder-sobre-la-reforma-laboral-nunca-voy-a-levantar-la-mano-en-contra-de-los-trabajadores","status":"publish","type":"post","link":"http:\/\/elurbanoweb.com.ar\/diario\/neder-sobre-la-reforma-laboral-nunca-voy-a-levantar-la-mano-en-contra-de-los-trabajadores\/","title":{"rendered":"Neder sobre la reforma laboral: \u201cNunca voy a levantar la mano en contra de los trabajadores\u201d"},"content":{"rendered":"<p>En el marco del debate que se est\u00e1 dando este mi\u00e9rcoles en el Senado por el proyecto de Reforma Laboral que impulsa el Gobierno Nacional con apoyo de sus aliados \u201cdialoguistas\u201d, transcurriendo la tarde hizo uso de la palabra en el Recinto de la C\u00e1mara Alta el senador santiague\u00f1o Jos\u00e9 Emilio Neder, del bloque Justicialista, quien anticip\u00f3 que votar\u00e1 en contra de la iniciativa.<\/p>\n<p><img loading=\"lazy\" decoding=\"async\" class=\"alignnone wp-image-66232 size-full\" src=\"http:\/\/elurbanoweb.com.ar\/diario\/wp-content\/uploads\/2026\/02\/neder2.jpg\" alt=\"\" width=\"1010\" height=\"567\" srcset=\"http:\/\/elurbanoweb.com.ar\/diario\/wp-content\/uploads\/2026\/02\/neder2.jpg 1010w, http:\/\/elurbanoweb.com.ar\/diario\/wp-content\/uploads\/2026\/02\/neder2-300x168.jpg 300w, http:\/\/elurbanoweb.com.ar\/diario\/wp-content\/uploads\/2026\/02\/neder2-150x84.jpg 150w\" sizes=\"auto, (max-width: 1010px) 100vw, 1010px\" \/><\/p>\n<p><!--more--><\/p>\n<p>\u201cComparto en que es necesario modernizar las leyes, pero con dignidad para los trabajadores y generaci\u00f3n de empleo, no para destruir derechos y facilitar despidos, en esta Argentina de hoy donde pareciera que no tiene en cuenta que est\u00e1n cerrando un promedio de 30 a 40 empresas diarias, a una estimaci\u00f3n de 500 trabajadores por d\u00eda que se est\u00e1n quedando afuera del sistema\u201d, comenz\u00f3 marcando en su alocuci\u00f3n.<\/p>\n<p>\u201cAhora traen esta ley present\u00e1ndola como salvadora de un modelo econ\u00f3mico que ha perdido el rumbo, porque cada 3 o 4 meses nos ponen en un escenario de nuevos par\u00e1metros dado que lo que plantearon antes se cay\u00f3. Esta ley no tiene nada que ver con la recuperaci\u00f3n de la productividad nacional, todo est\u00e1 dise\u00f1ado en contra de los trabajadores\u201d, fustig\u00f3.<\/p>\n<p>\u201cHabilita el despido sin causa, reduce sustancialmente la indemnizaci\u00f3n y adem\u00e1s, viene con el plus del denominado Fondo de Cese Laboral, justo en este momento donde cae el empleo y se cierran las f\u00e1bricas. Generan mucha preocupaci\u00f3n e intranquilidad en el trabajador y en su familia\u201d, agreg\u00f3.<\/p>\n<p>\u201cMiren, esta pel\u00edcula ya la vimos, especialmente los santiague\u00f1os cuando all\u00e1 por 1993 se quiso hacer algo parecido con la Ley \u00d3mnibus, bajando hasta los sueldos cosa que en esta Ley de Reforma Laboral no lo ponen porque ya lo han hecho estos dos a\u00f1os. Desde Naci\u00f3n aquella vez nos llamaron y pidieron la adhesi\u00f3n, yo era diputado provincial, obviamente que vot\u00e9 en contra, as\u00ed que se pueden tranquilos los trabajadores que ahora tambi\u00e9n voy a votar igual porque nunca levantar\u00e9 mi mano para aprobar nada que sea en contra suyo\u201d, afirm\u00f3.<\/p>\n","protected":false},"excerpt":{"rendered":"<p>En el marco del debate que se est\u00e1 dando este mi\u00e9rcoles en el Senado por el proyecto de Reforma Laboral que impulsa el Gobierno Nacional con apoyo de sus aliados&hellip; <\/p>\n","protected":false},"author":1,"featured_media":66232,"comment_status":"closed","ping_status":"closed","sticky":false,"template":"","format":"standard","meta":{"footnotes":""},"categories":[2],"tags":[],"class_list":["post-66231","post","type-post","status-publish","format-standard","has-post-thumbnail","hentry","category-gobierno"],"_links":{"self":[{"href":"http:\/\/elurbanoweb.com.ar\/diario\/wp-json\/wp\/v2\/posts\/66231","targetHints":{"allow":["GET"]}}],"collection":[{"href":"http:\/\/elurbanoweb.com.ar\/diario\/wp-json\/wp\/v2\/posts"}],"about":[{"href":"http:\/\/elurbanoweb.com.ar\/diario\/wp-json\/wp\/v2\/types\/post"}],"author":[{"embeddable":true,"href":"http:\/\/elurbanoweb.com.ar\/diario\/wp-json\/wp\/v2\/users\/1"}],"replies":[{"embeddable":true,"href":"http:\/\/elurbanoweb.com.ar\/diario\/wp-json\/wp\/v2\/comments?post=66231"}],"version-history":[{"count":1,"href":"http:\/\/elurbanoweb.com.ar\/diario\/wp-json\/wp\/v2\/posts\/66231\/revisions"}],"predecessor-version":[{"id":66233,"href":"http:\/\/elurbanoweb.com.ar\/diario\/wp-json\/wp\/v2\/posts\/66231\/revisions\/66233"}],"wp:featuredmedia":[{"embeddable":true,"href":"http:\/\/elurbanoweb.com.ar\/diario\/wp-json\/wp\/v2\/media\/66232"}],"wp:attachment":[{"href":"http:\/\/elurbanoweb.com.ar\/diario\/wp-json\/wp\/v2\/media?parent=66231"}],"wp:term":[{"taxonomy":"category","embeddable":true,"href":"http:\/\/elurbanoweb.com.ar\/diario\/wp-json\/wp\/v2\/categories?post=66231"},{"taxonomy":"post_tag","embeddable":true,"href":"http:\/\/elurbanoweb.com.ar\/diario\/wp-json\/wp\/v2\/tags?post=66231"}],"curies":[{"name":"wp","href":"https:\/\/api.w.org\/{rel}","templated":true}]}}