{"id":66261,"date":"2026-02-13T10:02:03","date_gmt":"2026-02-13T13:02:03","guid":{"rendered":"https:\/\/elurbanoweb.com.ar\/diario\/?p=66261"},"modified":"2026-02-13T10:02:03","modified_gmt":"2026-02-13T13:02:03","slug":"exitosa-jornada-sobre-acompanamiento-terapeutico-en-fernandez","status":"publish","type":"post","link":"http:\/\/elurbanoweb.com.ar\/diario\/exitosa-jornada-sobre-acompanamiento-terapeutico-en-fernandez\/","title":{"rendered":"Exitosa Jornada sobre Acompa\u00f1amiento Terap\u00e9utico en Fern\u00e1ndez"},"content":{"rendered":"<p>En una ma\u00f1ana marcada por el compromiso social y la formaci\u00f3n profesional, se llev\u00f3 a cabo la Jornada de Acompa\u00f1amiento Terap\u00e9utico en las instalaciones del Centro Cultural Sixto Palavecino. El evento, que dio inicio a las 8:30 hs, cont\u00f3 con una importante convocatoria de profesionales y vecinos interesados en la tem\u00e1tica.<\/p>\n<p><img loading=\"lazy\" decoding=\"async\" class=\"alignnone wp-image-66262 size-full\" src=\"http:\/\/elurbanoweb.com.ar\/diario\/wp-content\/uploads\/2026\/02\/nenas4.jpg\" alt=\"\" width=\"1010\" height=\"567\" srcset=\"http:\/\/elurbanoweb.com.ar\/diario\/wp-content\/uploads\/2026\/02\/nenas4.jpg 1010w, http:\/\/elurbanoweb.com.ar\/diario\/wp-content\/uploads\/2026\/02\/nenas4-300x168.jpg 300w, http:\/\/elurbanoweb.com.ar\/diario\/wp-content\/uploads\/2026\/02\/nenas4-150x84.jpg 150w\" sizes=\"auto, (max-width: 1010px) 100vw, 1010px\" \/><\/p>\n<p><!--more--><\/p>\n<p>La apertura del encuentro estuvo encabezada por la Intendenta Yanina Iturre, acompa\u00f1ada por la Directora de Educaci\u00f3n, Prof. Lorena Aranda. Ambas funcionarias destacaron la relevancia de estos espacios de capacitaci\u00f3n que buscan fortalecer el sistema de salud y apoyo comunitario en la regi\u00f3n.<\/p>\n<p>Una vez realizada la apertura, se dio paso al panel de disertantes integrado por: Daniela Cejas de Guaraz, Presidente de la Asociaci\u00f3n Thaniyai; Gabriela Di Meo y Mar\u00eda Gim\u00e9nez, miembros de la instituci\u00f3n organizadora.<\/p>\n<p>Ejes de debate y formaci\u00f3n<\/p>\n<p>Bajo la organizaci\u00f3n de Thaniyai y con el auspicio de la Municipalidad de Fern\u00e1ndez, la jornada abord\u00f3 temas cruciales para el sector:<\/p>\n<p>El rol del Acompa\u00f1ante Terap\u00e9utico y sus abordajes: Se profundiz\u00f3 en las herramientas pr\u00e1cticas para el acompa\u00f1amiento cotidiano.<\/p>\n<p>Discapacidad: Un bloque dedicado a nuevas perspectivas y el intercambio de experiencias directas.<\/p>\n<p>Legalidad: Se debati\u00f3 sobre el marco normativo de quienes ejercen esta profesi\u00f3n.<\/p>\n<p>Mesa Panel: Un espacio de di\u00e1logo abierto con especialistas que enriquecieron el debate.<\/p>\n<p>Fortaleciendo v\u00ednculos<\/p>\n<p>Destinada a acompa\u00f1antes terap\u00e9uticos, profesionales de la salud, docentes y p\u00fablico en general, la jornada no solo ofreci\u00f3 contenido te\u00f3rico, sino que se consolid\u00f3 como un espacio para compartir y reflexionar sobre la importancia de esta figura en la comunidad.<\/p>\n<p>Al finalizar el evento, los asistentes recibir\u00e1n sus certificados de participaci\u00f3n digital, cerrando as\u00ed un encuentro clave para el desarrollo profesional en la Ciudad de Fern\u00e1ndez.<\/p>\n","protected":false},"excerpt":{"rendered":"<p>En una ma\u00f1ana marcada por el compromiso social y la formaci\u00f3n profesional, se llev\u00f3 a cabo la Jornada de Acompa\u00f1amiento Terap\u00e9utico en las instalaciones del Centro Cultural Sixto Palavecino. El&hellip; <\/p>\n","protected":false},"author":1,"featured_media":66262,"comment_status":"closed","ping_status":"closed","sticky":false,"template":"","format":"standard","meta":{"footnotes":""},"categories":[10],"tags":[],"class_list":["post-66261","post","type-post","status-publish","format-standard","has-post-thumbnail","hentry","category-interior"],"_links":{"self":[{"href":"http:\/\/elurbanoweb.com.ar\/diario\/wp-json\/wp\/v2\/posts\/66261","targetHints":{"allow":["GET"]}}],"collection":[{"href":"http:\/\/elurbanoweb.com.ar\/diario\/wp-json\/wp\/v2\/posts"}],"about":[{"href":"http:\/\/elurbanoweb.com.ar\/diario\/wp-json\/wp\/v2\/types\/post"}],"author":[{"embeddable":true,"href":"http:\/\/elurbanoweb.com.ar\/diario\/wp-json\/wp\/v2\/users\/1"}],"replies":[{"embeddable":true,"href":"http:\/\/elurbanoweb.com.ar\/diario\/wp-json\/wp\/v2\/comments?post=66261"}],"version-history":[{"count":1,"href":"http:\/\/elurbanoweb.com.ar\/diario\/wp-json\/wp\/v2\/posts\/66261\/revisions"}],"predecessor-version":[{"id":66263,"href":"http:\/\/elurbanoweb.com.ar\/diario\/wp-json\/wp\/v2\/posts\/66261\/revisions\/66263"}],"wp:featuredmedia":[{"embeddable":true,"href":"http:\/\/elurbanoweb.com.ar\/diario\/wp-json\/wp\/v2\/media\/66262"}],"wp:attachment":[{"href":"http:\/\/elurbanoweb.com.ar\/diario\/wp-json\/wp\/v2\/media?parent=66261"}],"wp:term":[{"taxonomy":"category","embeddable":true,"href":"http:\/\/elurbanoweb.com.ar\/diario\/wp-json\/wp\/v2\/categories?post=66261"},{"taxonomy":"post_tag","embeddable":true,"href":"http:\/\/elurbanoweb.com.ar\/diario\/wp-json\/wp\/v2\/tags?post=66261"}],"curies":[{"name":"wp","href":"https:\/\/api.w.org\/{rel}","templated":true}]}}