{"id":66285,"date":"2026-02-13T10:15:31","date_gmt":"2026-02-13T13:15:31","guid":{"rendered":"https:\/\/elurbanoweb.com.ar\/diario\/?p=66285"},"modified":"2026-02-13T10:15:31","modified_gmt":"2026-02-13T13:15:31","slug":"la-intendente-fuentes-visito-la-obra-de-mejora-del-acceso-al-barrio-villa-del-carmen","status":"publish","type":"post","link":"http:\/\/elurbanoweb.com.ar\/diario\/la-intendente-fuentes-visito-la-obra-de-mejora-del-acceso-al-barrio-villa-del-carmen\/","title":{"rendered":"La intendente Fuentes visit\u00f3 la obra de mejora del acceso al barrio Villa del Carmen"},"content":{"rendered":"<p>La intendente, Ing. Norma Fuentes, supervis\u00f3 los trabajos de mejoras en el acceso al barrio Villa del Carmen por la avenida de Circunvalaci\u00f3n Ra\u00fal Alfons\u00edn, con el objetivo de ordenar el tr\u00e1nsito de veh\u00edculos en ese sector.<\/p>\n<p><img loading=\"lazy\" decoding=\"async\" class=\"alignnone wp-image-66286 size-large\" src=\"http:\/\/elurbanoweb.com.ar\/diario\/wp-content\/uploads\/2026\/02\/carmen-1024x714.jpg\" alt=\"\" width=\"1024\" height=\"714\" srcset=\"http:\/\/elurbanoweb.com.ar\/diario\/wp-content\/uploads\/2026\/02\/carmen-1024x714.jpg 1024w, http:\/\/elurbanoweb.com.ar\/diario\/wp-content\/uploads\/2026\/02\/carmen-300x209.jpg 300w, http:\/\/elurbanoweb.com.ar\/diario\/wp-content\/uploads\/2026\/02\/carmen-150x105.jpg 150w, http:\/\/elurbanoweb.com.ar\/diario\/wp-content\/uploads\/2026\/02\/carmen-1536x1070.jpg 1536w, http:\/\/elurbanoweb.com.ar\/diario\/wp-content\/uploads\/2026\/02\/carmen.jpg 2048w\" sizes=\"auto, (max-width: 1024px) 100vw, 1024px\" \/><\/p>\n<p><!--more--> La obra tambi\u00e9n beneficiar\u00e1 a los vecinos de los barrios N\u00e9stor Kirchner y Sixto Palavecino. En el lugar, la intendente Fuentes analiz\u00f3 el informe t\u00e9cnico y constat\u00f3 el avance de las tareas que se habilitar\u00e1n pr\u00f3ximamente.<\/p>\n<p>All\u00ed, se ejecuta una isleta central hacia el lado sur con una d\u00e1rsena de espera y giro, hacia el barrio, en el sentido del tr\u00e1nsito sur-norte; y con carriles de aceleraci\u00f3n y desaceleraci\u00f3n para el tr\u00e1nsito que ingresa desde el norte y para los que egresan desde el barrio hacia el sur de la ciudad.<\/p>\n<p>La obra se complementa con 24 cuadras de pavimento de hormig\u00f3n dentro del barrio N\u00e9stor Kirchner, que forma parte del programa de mejoras de la red vial de la ciudad, que tambi\u00e9n se realiza en otros barrios como General Paz, Bel\u00e9n, Ej\u00e9rcito Argentino, Sixto Palavecino, Juan Felipe Ibarra, Los Flores, y La Cat\u00f3lica.<\/p>\n","protected":false},"excerpt":{"rendered":"<p>La intendente, Ing. Norma Fuentes, supervis\u00f3 los trabajos de mejoras en el acceso al barrio Villa del Carmen por la avenida de Circunvalaci\u00f3n Ra\u00fal Alfons\u00edn, con el objetivo de ordenar&hellip; <\/p>\n","protected":false},"author":1,"featured_media":66286,"comment_status":"closed","ping_status":"closed","sticky":false,"template":"","format":"standard","meta":{"footnotes":""},"categories":[3],"tags":[],"class_list":["post-66285","post","type-post","status-publish","format-standard","has-post-thumbnail","hentry","category-municipio"],"_links":{"self":[{"href":"http:\/\/elurbanoweb.com.ar\/diario\/wp-json\/wp\/v2\/posts\/66285","targetHints":{"allow":["GET"]}}],"collection":[{"href":"http:\/\/elurbanoweb.com.ar\/diario\/wp-json\/wp\/v2\/posts"}],"about":[{"href":"http:\/\/elurbanoweb.com.ar\/diario\/wp-json\/wp\/v2\/types\/post"}],"author":[{"embeddable":true,"href":"http:\/\/elurbanoweb.com.ar\/diario\/wp-json\/wp\/v2\/users\/1"}],"replies":[{"embeddable":true,"href":"http:\/\/elurbanoweb.com.ar\/diario\/wp-json\/wp\/v2\/comments?post=66285"}],"version-history":[{"count":1,"href":"http:\/\/elurbanoweb.com.ar\/diario\/wp-json\/wp\/v2\/posts\/66285\/revisions"}],"predecessor-version":[{"id":66287,"href":"http:\/\/elurbanoweb.com.ar\/diario\/wp-json\/wp\/v2\/posts\/66285\/revisions\/66287"}],"wp:featuredmedia":[{"embeddable":true,"href":"http:\/\/elurbanoweb.com.ar\/diario\/wp-json\/wp\/v2\/media\/66286"}],"wp:attachment":[{"href":"http:\/\/elurbanoweb.com.ar\/diario\/wp-json\/wp\/v2\/media?parent=66285"}],"wp:term":[{"taxonomy":"category","embeddable":true,"href":"http:\/\/elurbanoweb.com.ar\/diario\/wp-json\/wp\/v2\/categories?post=66285"},{"taxonomy":"post_tag","embeddable":true,"href":"http:\/\/elurbanoweb.com.ar\/diario\/wp-json\/wp\/v2\/tags?post=66285"}],"curies":[{"name":"wp","href":"https:\/\/api.w.org\/{rel}","templated":true}]}}