{"id":66291,"date":"2026-02-13T13:32:30","date_gmt":"2026-02-13T16:32:30","guid":{"rendered":"https:\/\/elurbanoweb.com.ar\/diario\/?p=66291"},"modified":"2026-02-13T13:32:30","modified_gmt":"2026-02-13T16:32:30","slug":"se-conocio-la-resolucion-que-pone-fin-a-la-hora-extendida-en-santiago-del-estero","status":"publish","type":"post","link":"http:\/\/elurbanoweb.com.ar\/diario\/se-conocio-la-resolucion-que-pone-fin-a-la-hora-extendida-en-santiago-del-estero\/","title":{"rendered":"Se conoci\u00f3 la resoluci\u00f3n que pone fin a la hora extendida en Santiago del Estero"},"content":{"rendered":"<p>A trav\u00e9s de una Resoluci\u00f3n emitida por el Consejo General de Educaci\u00f3n se oficializ\u00f3 el cese de la Hora Extendida en Santiago del Estero. La medida abarca a todas las modalidades del nivel primario.<\/p>\n<p><img loading=\"lazy\" decoding=\"async\" class=\"alignnone wp-image-66292 size-full\" src=\"http:\/\/elurbanoweb.com.ar\/diario\/wp-content\/uploads\/2026\/02\/consejo1.jpg\" alt=\"\" width=\"1010\" height=\"567\" srcset=\"http:\/\/elurbanoweb.com.ar\/diario\/wp-content\/uploads\/2026\/02\/consejo1.jpg 1010w, http:\/\/elurbanoweb.com.ar\/diario\/wp-content\/uploads\/2026\/02\/consejo1-300x168.jpg 300w, http:\/\/elurbanoweb.com.ar\/diario\/wp-content\/uploads\/2026\/02\/consejo1-150x84.jpg 150w\" sizes=\"auto, (max-width: 1010px) 100vw, 1010px\" \/><\/p>\n<p><!--more--><\/p>\n<p>En ese sentido, el CGE indica que las escuelas primarias se primera, segunda y tercera categor\u00eda deber\u00e1n cumplir el siguiente horario: Turno Ma\u00f1ana de 8 a 12:15 y de 13:45 a 18.<\/p>\n<p>Bajo la denominaci\u00f3n \u201cHacia la universalizaci\u00f3n de la jornada completa o extendida\u201d se implement\u00f3 este programa con el fin de cumplir con el m\u00ednimo de 25 horas semanales en las escuelas de gesti\u00f3n p\u00fablica de la provincia.<\/p>\n<p>Sin embargo, desde la Secretar\u00eda de Educaci\u00f3n de la Naci\u00f3n comenzaron a incumplir con los pagos correspondientes por lo que la Provincia tuvo que asumir ese compromiso que hab\u00eda sido propuesto desde la cartera nacional.<\/p>\n<p>Decisi\u00f3n<br \/>\nEn diciembre de 2025 se emiti\u00f3 un informe que explica los motivos del fin de la Hora Extendida: \u201cAnte los reiterados atrasos, env\u00edos incompletos y demoras en las transferencias nacionales , que generan reclamos leg\u00edtimos en la docencia y entidades gremiales que los representan, la Provincia ha resuelto no continuar con la ejecuci\u00f3n del Programa de Jornada Completa o Extendida en el ciclo lectivo 2026, no obstante lo cual se va reforzar y llevar adelante los dispositivos pedag\u00f3gicos necesarios para garantizar la calidad educativa, circunstancia que est\u00e1 siendo notificada al Organismo Nacional\u201d.<\/p>\n","protected":false},"excerpt":{"rendered":"<p>A trav\u00e9s de una Resoluci\u00f3n emitida por el Consejo General de Educaci\u00f3n se oficializ\u00f3 el cese de la Hora Extendida en Santiago del Estero. La medida abarca a todas las&hellip; <\/p>\n","protected":false},"author":1,"featured_media":66292,"comment_status":"closed","ping_status":"closed","sticky":false,"template":"","format":"standard","meta":{"footnotes":""},"categories":[16],"tags":[],"class_list":["post-66291","post","type-post","status-publish","format-standard","has-post-thumbnail","hentry","category-locales"],"_links":{"self":[{"href":"http:\/\/elurbanoweb.com.ar\/diario\/wp-json\/wp\/v2\/posts\/66291","targetHints":{"allow":["GET"]}}],"collection":[{"href":"http:\/\/elurbanoweb.com.ar\/diario\/wp-json\/wp\/v2\/posts"}],"about":[{"href":"http:\/\/elurbanoweb.com.ar\/diario\/wp-json\/wp\/v2\/types\/post"}],"author":[{"embeddable":true,"href":"http:\/\/elurbanoweb.com.ar\/diario\/wp-json\/wp\/v2\/users\/1"}],"replies":[{"embeddable":true,"href":"http:\/\/elurbanoweb.com.ar\/diario\/wp-json\/wp\/v2\/comments?post=66291"}],"version-history":[{"count":1,"href":"http:\/\/elurbanoweb.com.ar\/diario\/wp-json\/wp\/v2\/posts\/66291\/revisions"}],"predecessor-version":[{"id":66293,"href":"http:\/\/elurbanoweb.com.ar\/diario\/wp-json\/wp\/v2\/posts\/66291\/revisions\/66293"}],"wp:featuredmedia":[{"embeddable":true,"href":"http:\/\/elurbanoweb.com.ar\/diario\/wp-json\/wp\/v2\/media\/66292"}],"wp:attachment":[{"href":"http:\/\/elurbanoweb.com.ar\/diario\/wp-json\/wp\/v2\/media?parent=66291"}],"wp:term":[{"taxonomy":"category","embeddable":true,"href":"http:\/\/elurbanoweb.com.ar\/diario\/wp-json\/wp\/v2\/categories?post=66291"},{"taxonomy":"post_tag","embeddable":true,"href":"http:\/\/elurbanoweb.com.ar\/diario\/wp-json\/wp\/v2\/tags?post=66291"}],"curies":[{"name":"wp","href":"https:\/\/api.w.org\/{rel}","templated":true}]}}