{"id":66309,"date":"2026-02-14T08:50:36","date_gmt":"2026-02-14T11:50:36","guid":{"rendered":"https:\/\/elurbanoweb.com.ar\/diario\/?p=66309"},"modified":"2026-02-14T08:50:36","modified_gmt":"2026-02-14T11:50:36","slug":"la-municipalidad-realizo-trabajo-de-emergencia-por-caida-gajos-de-un-arbol","status":"publish","type":"post","link":"http:\/\/elurbanoweb.com.ar\/diario\/la-municipalidad-realizo-trabajo-de-emergencia-por-caida-gajos-de-un-arbol\/","title":{"rendered":"La Municipalidad realiz\u00f3 trabajo de emergencia por ca\u00edda gajos de un \u00e1rbol"},"content":{"rendered":"<p>Despeje de calzada.\u00a0Lavalle casi Aguirre, barrio Primera Junta.<\/p>\n<p><img loading=\"lazy\" decoding=\"async\" class=\"alignnone wp-image-66310 size-large\" src=\"http:\/\/elurbanoweb.com.ar\/diario\/wp-content\/uploads\/2026\/02\/despeje6-576x1024.jpg\" alt=\"\" width=\"576\" height=\"1024\" srcset=\"http:\/\/elurbanoweb.com.ar\/diario\/wp-content\/uploads\/2026\/02\/despeje6-576x1024.jpg 576w, http:\/\/elurbanoweb.com.ar\/diario\/wp-content\/uploads\/2026\/02\/despeje6-169x300.jpg 169w, http:\/\/elurbanoweb.com.ar\/diario\/wp-content\/uploads\/2026\/02\/despeje6-84x150.jpg 84w, http:\/\/elurbanoweb.com.ar\/diario\/wp-content\/uploads\/2026\/02\/despeje6.jpg 720w\" sizes=\"auto, (max-width: 576px) 100vw, 576px\" \/><\/p>\n<p><!--more--><\/p>\n","protected":false},"excerpt":{"rendered":"<p>Despeje de calzada.\u00a0Lavalle casi Aguirre, barrio Primera Junta.<\/p>\n","protected":false},"author":1,"featured_media":66310,"comment_status":"closed","ping_status":"closed","sticky":false,"template":"","format":"standard","meta":{"footnotes":""},"categories":[3],"tags":[],"class_list":["post-66309","post","type-post","status-publish","format-standard","has-post-thumbnail","hentry","category-municipio"],"_links":{"self":[{"href":"http:\/\/elurbanoweb.com.ar\/diario\/wp-json\/wp\/v2\/posts\/66309","targetHints":{"allow":["GET"]}}],"collection":[{"href":"http:\/\/elurbanoweb.com.ar\/diario\/wp-json\/wp\/v2\/posts"}],"about":[{"href":"http:\/\/elurbanoweb.com.ar\/diario\/wp-json\/wp\/v2\/types\/post"}],"author":[{"embeddable":true,"href":"http:\/\/elurbanoweb.com.ar\/diario\/wp-json\/wp\/v2\/users\/1"}],"replies":[{"embeddable":true,"href":"http:\/\/elurbanoweb.com.ar\/diario\/wp-json\/wp\/v2\/comments?post=66309"}],"version-history":[{"count":1,"href":"http:\/\/elurbanoweb.com.ar\/diario\/wp-json\/wp\/v2\/posts\/66309\/revisions"}],"predecessor-version":[{"id":66311,"href":"http:\/\/elurbanoweb.com.ar\/diario\/wp-json\/wp\/v2\/posts\/66309\/revisions\/66311"}],"wp:featuredmedia":[{"embeddable":true,"href":"http:\/\/elurbanoweb.com.ar\/diario\/wp-json\/wp\/v2\/media\/66310"}],"wp:attachment":[{"href":"http:\/\/elurbanoweb.com.ar\/diario\/wp-json\/wp\/v2\/media?parent=66309"}],"wp:term":[{"taxonomy":"category","embeddable":true,"href":"http:\/\/elurbanoweb.com.ar\/diario\/wp-json\/wp\/v2\/categories?post=66309"},{"taxonomy":"post_tag","embeddable":true,"href":"http:\/\/elurbanoweb.com.ar\/diario\/wp-json\/wp\/v2\/tags?post=66309"}],"curies":[{"name":"wp","href":"https:\/\/api.w.org\/{rel}","templated":true}]}}