{"id":66315,"date":"2026-02-14T08:56:12","date_gmt":"2026-02-14T11:56:12","guid":{"rendered":"https:\/\/elurbanoweb.com.ar\/diario\/?p=66315"},"modified":"2026-02-14T08:56:12","modified_gmt":"2026-02-14T11:56:12","slug":"autoridades-de-la-unse-y-de-la-facultad-de-ciencias-forestales-fcf-unse-brindaron-la-bienvenida-a-los-aspirantes-de-las-carreras","status":"publish","type":"post","link":"http:\/\/elurbanoweb.com.ar\/diario\/autoridades-de-la-unse-y-de-la-facultad-de-ciencias-forestales-fcf-unse-brindaron-la-bienvenida-a-los-aspirantes-de-las-carreras\/","title":{"rendered":"Autoridades de la UNSE y de la Facultad de Ciencias Forestales FCF UNSE brindaron la bienvenida a los aspirantes de las carreras"},"content":{"rendered":"<p>La vicerrectora de la UNSE, Dra. Fernanda Mellano estuvo presente y acompa\u00f1\u00f3 a los nuevos estudiantes que buscan su futuro en la universidad p\u00fablica santiague\u00f1a. Los alent\u00f3 a una vida universitaria comprometida, con responsabilidad y solidaridad entre pares, de manera de poder afrontar los desaf\u00edos de esta nueva etapa.<\/p>\n<p><img loading=\"lazy\" decoding=\"async\" class=\"alignnone wp-image-66316 size-large\" src=\"http:\/\/elurbanoweb.com.ar\/diario\/wp-content\/uploads\/2026\/02\/aspirantes-1024x656.jpg\" alt=\"\" width=\"1024\" height=\"656\" srcset=\"http:\/\/elurbanoweb.com.ar\/diario\/wp-content\/uploads\/2026\/02\/aspirantes-1024x656.jpg 1024w, http:\/\/elurbanoweb.com.ar\/diario\/wp-content\/uploads\/2026\/02\/aspirantes-300x192.jpg 300w, http:\/\/elurbanoweb.com.ar\/diario\/wp-content\/uploads\/2026\/02\/aspirantes-150x96.jpg 150w, http:\/\/elurbanoweb.com.ar\/diario\/wp-content\/uploads\/2026\/02\/aspirantes-1536x983.jpg 1536w, http:\/\/elurbanoweb.com.ar\/diario\/wp-content\/uploads\/2026\/02\/aspirantes.jpg 2048w\" sizes=\"auto, (max-width: 1024px) 100vw, 1024px\" \/><\/p>\n<p><!--more--> \u00a0Se dirigieron tambi\u00e9n a los estudiantes, la decana de Dra. Nancy Giannuzzo; el vicedecano Dra. Miguel Sarmiento; la secretaria acad\u00e9mica de la UNSE, Mg. Romina Andrea Cordero y la presidenta del Centro de Estudiantes, Florencia Acu\u00f1a<\/p>\n<p>Todos agradecieron la confianza depositada en la Facultad para formarse como profesionales, y felicitaron por continuar estudiando y elegir la UNSE para construir su futuro.<\/p>\n","protected":false},"excerpt":{"rendered":"<p>La vicerrectora de la UNSE, Dra. Fernanda Mellano estuvo presente y acompa\u00f1\u00f3 a los nuevos estudiantes que buscan su futuro en la universidad p\u00fablica santiague\u00f1a. Los alent\u00f3 a una vida&hellip; <\/p>\n","protected":false},"author":1,"featured_media":66316,"comment_status":"closed","ping_status":"closed","sticky":false,"template":"","format":"standard","meta":{"footnotes":""},"categories":[15],"tags":[],"class_list":["post-66315","post","type-post","status-publish","format-standard","has-post-thumbnail","hentry","category-unse"],"_links":{"self":[{"href":"http:\/\/elurbanoweb.com.ar\/diario\/wp-json\/wp\/v2\/posts\/66315","targetHints":{"allow":["GET"]}}],"collection":[{"href":"http:\/\/elurbanoweb.com.ar\/diario\/wp-json\/wp\/v2\/posts"}],"about":[{"href":"http:\/\/elurbanoweb.com.ar\/diario\/wp-json\/wp\/v2\/types\/post"}],"author":[{"embeddable":true,"href":"http:\/\/elurbanoweb.com.ar\/diario\/wp-json\/wp\/v2\/users\/1"}],"replies":[{"embeddable":true,"href":"http:\/\/elurbanoweb.com.ar\/diario\/wp-json\/wp\/v2\/comments?post=66315"}],"version-history":[{"count":1,"href":"http:\/\/elurbanoweb.com.ar\/diario\/wp-json\/wp\/v2\/posts\/66315\/revisions"}],"predecessor-version":[{"id":66317,"href":"http:\/\/elurbanoweb.com.ar\/diario\/wp-json\/wp\/v2\/posts\/66315\/revisions\/66317"}],"wp:featuredmedia":[{"embeddable":true,"href":"http:\/\/elurbanoweb.com.ar\/diario\/wp-json\/wp\/v2\/media\/66316"}],"wp:attachment":[{"href":"http:\/\/elurbanoweb.com.ar\/diario\/wp-json\/wp\/v2\/media?parent=66315"}],"wp:term":[{"taxonomy":"category","embeddable":true,"href":"http:\/\/elurbanoweb.com.ar\/diario\/wp-json\/wp\/v2\/categories?post=66315"},{"taxonomy":"post_tag","embeddable":true,"href":"http:\/\/elurbanoweb.com.ar\/diario\/wp-json\/wp\/v2\/tags?post=66315"}],"curies":[{"name":"wp","href":"https:\/\/api.w.org\/{rel}","templated":true}]}}