{"id":66360,"date":"2026-02-16T09:31:22","date_gmt":"2026-02-16T12:31:22","guid":{"rendered":"https:\/\/elurbanoweb.com.ar\/diario\/?p=66360"},"modified":"2026-02-16T09:31:22","modified_gmt":"2026-02-16T12:31:22","slug":"el-municipio-de-la-banda-realizo-un-operativo-de-fumigacion-en-la-escuela-municipal-ante-el-inicio-del-ciclo-lectivo-2026","status":"publish","type":"post","link":"http:\/\/elurbanoweb.com.ar\/diario\/el-municipio-de-la-banda-realizo-un-operativo-de-fumigacion-en-la-escuela-municipal-ante-el-inicio-del-ciclo-lectivo-2026\/","title":{"rendered":"El municipio de La Banda realiz\u00f3 un operativo de fumigaci\u00f3n en la escuela municipal ante el inicio del Ciclo Lectivo 2026"},"content":{"rendered":"<p>La Secretar\u00eda de Servicios P\u00fablicos realiz\u00f3 un operativo de fumigaci\u00f3n en las instalaciones de la Escuela Municipal N\u00b0 1 \u201cAda Nilda Alderete\u201d del barrio Avenida como parte de las actividades previstas para el mantenimiento de la instituci\u00f3n de cara al comienzo del Ciclo Lectivo 2026.<\/p>\n<p><img loading=\"lazy\" decoding=\"async\" class=\"alignnone wp-image-66361 size-full\" src=\"http:\/\/elurbanoweb.com.ar\/diario\/wp-content\/uploads\/2026\/02\/fumigacion12.jpg\" alt=\"\" width=\"1010\" height=\"567\" srcset=\"http:\/\/elurbanoweb.com.ar\/diario\/wp-content\/uploads\/2026\/02\/fumigacion12.jpg 1010w, http:\/\/elurbanoweb.com.ar\/diario\/wp-content\/uploads\/2026\/02\/fumigacion12-300x168.jpg 300w, http:\/\/elurbanoweb.com.ar\/diario\/wp-content\/uploads\/2026\/02\/fumigacion12-150x84.jpg 150w\" sizes=\"auto, (max-width: 1010px) 100vw, 1010px\" \/><\/p>\n<p><!--more--><\/p>\n<p>En este sentido, el personal de la Direcci\u00f3n de Fumigaci\u00f3n recorri\u00f3 las instalaciones de la instituci\u00f3n educativa que pertenece al sistema educativo municipal como parte de un operativo de fumigaci\u00f3n y prevenci\u00f3n sanitaria con el objetivo de garantizar espacios seguros y saludables para docentes, estudiantes y directivos.<\/p>\n<p>Las tareas incluyeron la fumigaci\u00f3n preventiva e indicaciones de concientizaci\u00f3n dirigidas al personal de maestranza para evitar la proliferaci\u00f3n de mosquitos y dem\u00e1s alima\u00f1as.<\/p>\n<p>Desde el Ejecutivo municipal informaron que estas acciones se desarrollan en articulaci\u00f3n con las instituciones educativas del nivel inicial, primario y secundario, como parte de una pol\u00edtica sostenida de acompa\u00f1amiento al sistema educativo local.<\/p>\n","protected":false},"excerpt":{"rendered":"<p>La Secretar\u00eda de Servicios P\u00fablicos realiz\u00f3 un operativo de fumigaci\u00f3n en las instalaciones de la Escuela Municipal N\u00b0 1 \u201cAda Nilda Alderete\u201d del barrio Avenida como parte de las actividades&hellip; <\/p>\n","protected":false},"author":1,"featured_media":66361,"comment_status":"closed","ping_status":"closed","sticky":false,"template":"","format":"standard","meta":{"footnotes":""},"categories":[9],"tags":[],"class_list":["post-66360","post","type-post","status-publish","format-standard","has-post-thumbnail","hentry","category-la-banda"],"_links":{"self":[{"href":"http:\/\/elurbanoweb.com.ar\/diario\/wp-json\/wp\/v2\/posts\/66360","targetHints":{"allow":["GET"]}}],"collection":[{"href":"http:\/\/elurbanoweb.com.ar\/diario\/wp-json\/wp\/v2\/posts"}],"about":[{"href":"http:\/\/elurbanoweb.com.ar\/diario\/wp-json\/wp\/v2\/types\/post"}],"author":[{"embeddable":true,"href":"http:\/\/elurbanoweb.com.ar\/diario\/wp-json\/wp\/v2\/users\/1"}],"replies":[{"embeddable":true,"href":"http:\/\/elurbanoweb.com.ar\/diario\/wp-json\/wp\/v2\/comments?post=66360"}],"version-history":[{"count":1,"href":"http:\/\/elurbanoweb.com.ar\/diario\/wp-json\/wp\/v2\/posts\/66360\/revisions"}],"predecessor-version":[{"id":66362,"href":"http:\/\/elurbanoweb.com.ar\/diario\/wp-json\/wp\/v2\/posts\/66360\/revisions\/66362"}],"wp:featuredmedia":[{"embeddable":true,"href":"http:\/\/elurbanoweb.com.ar\/diario\/wp-json\/wp\/v2\/media\/66361"}],"wp:attachment":[{"href":"http:\/\/elurbanoweb.com.ar\/diario\/wp-json\/wp\/v2\/media?parent=66360"}],"wp:term":[{"taxonomy":"category","embeddable":true,"href":"http:\/\/elurbanoweb.com.ar\/diario\/wp-json\/wp\/v2\/categories?post=66360"},{"taxonomy":"post_tag","embeddable":true,"href":"http:\/\/elurbanoweb.com.ar\/diario\/wp-json\/wp\/v2\/tags?post=66360"}],"curies":[{"name":"wp","href":"https:\/\/api.w.org\/{rel}","templated":true}]}}