{"id":66363,"date":"2026-02-16T09:32:55","date_gmt":"2026-02-16T12:32:55","guid":{"rendered":"https:\/\/elurbanoweb.com.ar\/diario\/?p=66363"},"modified":"2026-02-16T09:32:55","modified_gmt":"2026-02-16T12:32:55","slug":"la-banda-se-refuerzan-los-trabajos-de-prevencion-contra-la-pediculosis-y-el-dengue","status":"publish","type":"post","link":"http:\/\/elurbanoweb.com.ar\/diario\/la-banda-se-refuerzan-los-trabajos-de-prevencion-contra-la-pediculosis-y-el-dengue\/","title":{"rendered":"La Banda: se refuerzan los trabajos de prevenci\u00f3n contra la pediculosis y el Dengue"},"content":{"rendered":"<p>Los Centros de Atenci\u00f3n M\u00e9dica Municipal (CAMM), dependientes de la Direcci\u00f3n de Salud de la municipalidad de La Banda, contin\u00faan haciendo prevenci\u00f3n en materia de pediculosis y promocionando la vacuna contra el Dengue.<\/p>\n<p><img loading=\"lazy\" decoding=\"async\" class=\"alignnone wp-image-66364 size-full\" src=\"http:\/\/elurbanoweb.com.ar\/diario\/wp-content\/uploads\/2026\/02\/pediculosis.jpg\" alt=\"\" width=\"1010\" height=\"567\" srcset=\"http:\/\/elurbanoweb.com.ar\/diario\/wp-content\/uploads\/2026\/02\/pediculosis.jpg 1010w, http:\/\/elurbanoweb.com.ar\/diario\/wp-content\/uploads\/2026\/02\/pediculosis-300x168.jpg 300w, http:\/\/elurbanoweb.com.ar\/diario\/wp-content\/uploads\/2026\/02\/pediculosis-150x84.jpg 150w\" sizes=\"auto, (max-width: 1010px) 100vw, 1010px\" \/><\/p>\n<p><!--more--><\/p>\n<p>En este sentido, el personal del turno tarde del CAMM N\u00b0 3 del barrio Ampliaci\u00f3n Primero de Mayo brind\u00f3 un taller informativo en la sala de espera sobre pediculosis.<\/p>\n<p>Durante el encuentro, los especialistas explicaron que es la pediculosis, los s\u00edntomas que una persona presenta, c\u00f3mo se produce el contagio y qu\u00e9 tratamientos efectivos se pueden realizar.<\/p>\n<p>Adem\u00e1s, el personal de salud record\u00f3 a los pacientes las medidas de prevenci\u00f3n contra el dengue y los s\u00edntomas que presenta esta enfermedad.<\/p>\n<p>Por \u00faltimo, recordaron que las personas entre 15 y 59 a\u00f1os de edad pueden vacunarse contra el dengue.<\/p>\n<p>Sin embargo, la inmunizaci\u00f3n est\u00e1 contraindicada en mujeres embarazadas y en periodo de lactancia, en personas inmunocomprometidas, durante tratamientos con quimioterapia o corticoides en dosis altas.<\/p>\n<p>Asimismo, en el CAMM N\u00b0 1 del barrio Tabla Redonda realiz\u00f3 un taller gratuito para aprender a fabricar repelente casero y prevenir posibles casos de Dengue.<\/p>\n<p>Seg\u00fan se inform\u00f3, durante la jornada de aprendizaje y prevenci\u00f3n, se ense\u00f1\u00f3 a los vecinos c\u00f3mo preparar y usar correctamente el repelente casero, como una medida de refuerzo para prevenir el Dengue.<\/p>\n","protected":false},"excerpt":{"rendered":"<p>Los Centros de Atenci\u00f3n M\u00e9dica Municipal (CAMM), dependientes de la Direcci\u00f3n de Salud de la municipalidad de La Banda, contin\u00faan haciendo prevenci\u00f3n en materia de pediculosis y promocionando la vacuna&hellip; <\/p>\n","protected":false},"author":1,"featured_media":66364,"comment_status":"closed","ping_status":"closed","sticky":false,"template":"","format":"standard","meta":{"footnotes":""},"categories":[9],"tags":[],"class_list":["post-66363","post","type-post","status-publish","format-standard","has-post-thumbnail","hentry","category-la-banda"],"_links":{"self":[{"href":"http:\/\/elurbanoweb.com.ar\/diario\/wp-json\/wp\/v2\/posts\/66363","targetHints":{"allow":["GET"]}}],"collection":[{"href":"http:\/\/elurbanoweb.com.ar\/diario\/wp-json\/wp\/v2\/posts"}],"about":[{"href":"http:\/\/elurbanoweb.com.ar\/diario\/wp-json\/wp\/v2\/types\/post"}],"author":[{"embeddable":true,"href":"http:\/\/elurbanoweb.com.ar\/diario\/wp-json\/wp\/v2\/users\/1"}],"replies":[{"embeddable":true,"href":"http:\/\/elurbanoweb.com.ar\/diario\/wp-json\/wp\/v2\/comments?post=66363"}],"version-history":[{"count":1,"href":"http:\/\/elurbanoweb.com.ar\/diario\/wp-json\/wp\/v2\/posts\/66363\/revisions"}],"predecessor-version":[{"id":66365,"href":"http:\/\/elurbanoweb.com.ar\/diario\/wp-json\/wp\/v2\/posts\/66363\/revisions\/66365"}],"wp:featuredmedia":[{"embeddable":true,"href":"http:\/\/elurbanoweb.com.ar\/diario\/wp-json\/wp\/v2\/media\/66364"}],"wp:attachment":[{"href":"http:\/\/elurbanoweb.com.ar\/diario\/wp-json\/wp\/v2\/media?parent=66363"}],"wp:term":[{"taxonomy":"category","embeddable":true,"href":"http:\/\/elurbanoweb.com.ar\/diario\/wp-json\/wp\/v2\/categories?post=66363"},{"taxonomy":"post_tag","embeddable":true,"href":"http:\/\/elurbanoweb.com.ar\/diario\/wp-json\/wp\/v2\/tags?post=66363"}],"curies":[{"name":"wp","href":"https:\/\/api.w.org\/{rel}","templated":true}]}}