{"id":66366,"date":"2026-02-16T09:34:48","date_gmt":"2026-02-16T12:34:48","guid":{"rendered":"https:\/\/elurbanoweb.com.ar\/diario\/?p=66366"},"modified":"2026-02-16T09:34:48","modified_gmt":"2026-02-16T12:34:48","slug":"invitan-a-participar-de-una-mesa-panel-por-el-54-aniversario-de-alcoholicos-anonimos","status":"publish","type":"post","link":"http:\/\/elurbanoweb.com.ar\/diario\/invitan-a-participar-de-una-mesa-panel-por-el-54-aniversario-de-alcoholicos-anonimos\/","title":{"rendered":"Invitan a participar de una mesa panel por el 54 aniversario de Alcoh\u00f3licos An\u00f3nimos"},"content":{"rendered":"<p>La Municipalidad de La Banda a trav\u00e9s de la Direcci\u00f3n Prevenci\u00f3n en Adicciones acompa\u00f1ar\u00e1 las actividades previstas para celebrar el 54 aniversario de Alcoh\u00f3licos An\u00f3nimos en nuestra ciudad con una mesa panel compuesta por integrantes de esta comunidad, profesionales m\u00e9dicos y referentes de comunidades religiosas.<\/p>\n<p><img loading=\"lazy\" decoding=\"async\" class=\"alignnone wp-image-66367 size-full\" src=\"http:\/\/elurbanoweb.com.ar\/diario\/wp-content\/uploads\/2026\/02\/linda3.jpg\" alt=\"\" width=\"1010\" height=\"567\" srcset=\"http:\/\/elurbanoweb.com.ar\/diario\/wp-content\/uploads\/2026\/02\/linda3.jpg 1010w, http:\/\/elurbanoweb.com.ar\/diario\/wp-content\/uploads\/2026\/02\/linda3-300x168.jpg 300w, http:\/\/elurbanoweb.com.ar\/diario\/wp-content\/uploads\/2026\/02\/linda3-150x84.jpg 150w\" sizes=\"auto, (max-width: 1010px) 100vw, 1010px\" \/><\/p>\n<p><!--more--><\/p>\n<p>El evento tendr\u00e1 lugar en el sal\u00f3n de usos m\u00faltiples del Gimnasio Municipal el lunes 16 a partir de las 19.30 y tendr\u00e1 el objetivo de reunir de manera libre y gratuita a los integrantes de la comunidad, representantes de instituciones religiosas y vecinos en general que quieran conocer m\u00e1s sobre el trabajo que realizan o para quienes deseen recibir alg\u00fan tipo de asesoramiento.<\/p>\n<p>En este sentido, la directora de Prevenci\u00f3n en Adicciones, Gabriela Diamante se\u00f1al\u00f3: \u201cEl lunes estar\u00e9 participando de la disertaci\u00f3n compartiendo el trabajo que hacemos desde el \u00e1rea en los barrios a trav\u00e9s de nuestro gabinete interdisciplinario compuesto por psic\u00f3logos y trabajadores sociales con los que brindamos atenci\u00f3n de lunes a viernes de 8 a 13 de manera gratuita y confidencial\u201d.<\/p>\n<p>Cabe destacar, que el grupo Al-Anon ayuda a personas con problemas de consumo de alcohol, con un fuerte enfoque en la reflexi\u00f3n y concientizaci\u00f3n a toda la comunidad en general sobre los riesgos del alcohol.<\/p>\n<p>Quienes deseen recibir m\u00e1s informaci\u00f3n sobre esta actividad pueden comunicarse con la Direcci\u00f3n de Prevenci\u00f3n de Adicciones al 3855140921; o con los integrantes de AA al 3854175126 (Eduardo) y 3854827762 (Gustavo).<\/p>\n","protected":false},"excerpt":{"rendered":"<p>La Municipalidad de La Banda a trav\u00e9s de la Direcci\u00f3n Prevenci\u00f3n en Adicciones acompa\u00f1ar\u00e1 las actividades previstas para celebrar el 54 aniversario de Alcoh\u00f3licos An\u00f3nimos en nuestra ciudad con una&hellip; <\/p>\n","protected":false},"author":1,"featured_media":66367,"comment_status":"closed","ping_status":"closed","sticky":false,"template":"","format":"standard","meta":{"footnotes":""},"categories":[9],"tags":[],"class_list":["post-66366","post","type-post","status-publish","format-standard","has-post-thumbnail","hentry","category-la-banda"],"_links":{"self":[{"href":"http:\/\/elurbanoweb.com.ar\/diario\/wp-json\/wp\/v2\/posts\/66366","targetHints":{"allow":["GET"]}}],"collection":[{"href":"http:\/\/elurbanoweb.com.ar\/diario\/wp-json\/wp\/v2\/posts"}],"about":[{"href":"http:\/\/elurbanoweb.com.ar\/diario\/wp-json\/wp\/v2\/types\/post"}],"author":[{"embeddable":true,"href":"http:\/\/elurbanoweb.com.ar\/diario\/wp-json\/wp\/v2\/users\/1"}],"replies":[{"embeddable":true,"href":"http:\/\/elurbanoweb.com.ar\/diario\/wp-json\/wp\/v2\/comments?post=66366"}],"version-history":[{"count":1,"href":"http:\/\/elurbanoweb.com.ar\/diario\/wp-json\/wp\/v2\/posts\/66366\/revisions"}],"predecessor-version":[{"id":66368,"href":"http:\/\/elurbanoweb.com.ar\/diario\/wp-json\/wp\/v2\/posts\/66366\/revisions\/66368"}],"wp:featuredmedia":[{"embeddable":true,"href":"http:\/\/elurbanoweb.com.ar\/diario\/wp-json\/wp\/v2\/media\/66367"}],"wp:attachment":[{"href":"http:\/\/elurbanoweb.com.ar\/diario\/wp-json\/wp\/v2\/media?parent=66366"}],"wp:term":[{"taxonomy":"category","embeddable":true,"href":"http:\/\/elurbanoweb.com.ar\/diario\/wp-json\/wp\/v2\/categories?post=66366"},{"taxonomy":"post_tag","embeddable":true,"href":"http:\/\/elurbanoweb.com.ar\/diario\/wp-json\/wp\/v2\/tags?post=66366"}],"curies":[{"name":"wp","href":"https:\/\/api.w.org\/{rel}","templated":true}]}}