{"id":66378,"date":"2026-02-16T09:44:38","date_gmt":"2026-02-16T12:44:38","guid":{"rendered":"https:\/\/elurbanoweb.com.ar\/diario\/?p=66378"},"modified":"2026-02-16T09:44:38","modified_gmt":"2026-02-16T12:44:38","slug":"santiago-del-estero-realizara-las-primeras-jornadas-de-inteligencia-artificial-aplicada-a-la-educacion","status":"publish","type":"post","link":"http:\/\/elurbanoweb.com.ar\/diario\/santiago-del-estero-realizara-las-primeras-jornadas-de-inteligencia-artificial-aplicada-a-la-educacion\/","title":{"rendered":"Santiago del Estero realizar\u00e1 las primeras jornadas de Inteligencia Artificial aplicada a la educaci\u00f3n"},"content":{"rendered":"<p>Se desarrollar\u00e1n de manera virtual los s\u00e1bados 21 y 28 de febrero, con inscripci\u00f3n gratuita y validez nacional. El evento contar\u00e1 con el respaldo de 10 universidades y la disertaci\u00f3n del Dr. Alexis Yair Zeballos.<\/p>\n<p><img loading=\"lazy\" decoding=\"async\" class=\"alignnone wp-image-66379 size-full\" src=\"http:\/\/elurbanoweb.com.ar\/diario\/wp-content\/uploads\/2026\/02\/yair.jpg\" alt=\"\" width=\"1010\" height=\"567\" srcset=\"http:\/\/elurbanoweb.com.ar\/diario\/wp-content\/uploads\/2026\/02\/yair.jpg 1010w, http:\/\/elurbanoweb.com.ar\/diario\/wp-content\/uploads\/2026\/02\/yair-300x168.jpg 300w, http:\/\/elurbanoweb.com.ar\/diario\/wp-content\/uploads\/2026\/02\/yair-150x84.jpg 150w\" sizes=\"auto, (max-width: 1010px) 100vw, 1010px\" \/><\/p>\n<p><!--more--><\/p>\n<p>Desde Santiago del Estero se desarrollar\u00e1n las 1ras. Jornadas de Inteligencia Artificial aplicada a la educaci\u00f3n, una propuesta de alcance nacional que tendr\u00e1 lugar los s\u00e1bados 21 y 28 de febrero, de 9 a 12.30, bajo modalidad virtual y con inscripci\u00f3n totalmente gratuita.<\/p>\n<p>Organizadas por la Asociaci\u00f3n Civil de Capacitaci\u00f3n y Trabajo para la Comunidad de Santiago del Estero y la Asociaci\u00f3n de Trabajadores de la Educaci\u00f3n de Santiago del Estero, las jornadas se enmarcan en las actividades anuales de ambas instituciones con el prop\u00f3sito de generar un espacio de encuentro y reflexi\u00f3n cr\u00edtica en torno a pol\u00edticas, investigaciones, dispositivos, saberes y pr\u00e1cticas vinculadas a la Inteligencia Artificial en el campo educativo.<\/p>\n<p>Bajo el lema \u201cIncorpora la IA como una potencia creativa para el aula\u201d, el evento propone dejar de concebir a la inteligencia artificial como una amenaza para convertirla en una aliada pedag\u00f3gica estrat\u00e9gica. El objetivo central ser\u00e1 compartir conocimientos y estrategias que impulsen la transformaci\u00f3n digital y la innovaci\u00f3n en los procesos de ense\u00f1anza y aprendizaje.<\/p>\n<p>Herramientas y aplicaciones que se abordar\u00e1n<\/p>\n<p>Durante las jornadas se trabajar\u00e1 con plataformas y herramientas de uso actual en el \u00e1mbito educativo, entre ellas:<\/p>\n<p>ChatGPT, Gemini y DeepSeek, orientadas al razonamiento y la planificaci\u00f3n avanzada.<br \/>\nCanva (Magic Design), para la creaci\u00f3n de materiales visuales en segundos.<br \/>\nGamma y Lumen5, destinadas al desarrollo de presentaciones y videos educativos interactivos.<br \/>\nNapkin y MyMap.AI, enfocadas en la visualizaci\u00f3n de ideas y el pensamiento visual.<\/p>\n<p>La capacitaci\u00f3n estar\u00e1 a cargo del reconocido docente y especialista a nivel nacional e internacional, Dr. Alexis Yair Zeballos, y contar\u00e1 con la coordinaci\u00f3n general y moderaci\u00f3n del Lic. An\u00edbal Albornoz.<\/p>\n<p>Voces de los organizadores<\/p>\n<p>El Lic. An\u00edbal Albornoz destac\u00f3 que \u201cla IA ya se ha constituido como el gran agente de transformaci\u00f3n, tanto por s\u00ed misma como por su uso combinado con otras tecnolog\u00edas como la conectividad 5G, las soluciones de anal\u00edtica avanzada y la internet de las cosas\u201d. En ese sentido, remarc\u00f3 que \u201cla Educaci\u00f3n tambi\u00e9n debe acelerar su proceso de transformaci\u00f3n digital para adecuarse a la demanda de m\u00e1s y mejores contenidos curriculares tecnol\u00f3gicos por parte de los alumnos y del sistema\u201d.<\/p>\n<p>Por su parte, el Dr. Zeballos sostuvo que \u201cla Educaci\u00f3n debe encaminarse y entender que el conocimiento es la base de la misma, pero hoy la base son las habilidades. No significa que el conocimiento no sirva, sino que hoy es m\u00e1s f\u00e1cil de automatizar y entonces hay que repensar el aula\u201d. Adem\u00e1s, afirm\u00f3 que la IA debe ense\u00f1ar habilidades \u201csiendo una acompa\u00f1ante de los docentes, que deben guiar a sus alumnos en la parte humana\u201d, y consider\u00f3 que los educadores deben asumir el rol de gu\u00edas m\u00e1s que de transmisores de conocimientos.<\/p>\n<p>Destinatarios y certificaci\u00f3n<\/p>\n<p>El evento est\u00e1 dirigido a docentes y profesionales de todos los niveles y \u00e1reas, investigadores, gestores educativos, decisores de pol\u00edticas p\u00fablicas, estudiantes y p\u00fablico en general. Ser\u00e1 transmitido por el canal de YouTube de la Asociaci\u00f3n Civil de Capacitaci\u00f3n y Trabajo para la Comunidad de Santiago del Estero.<\/p>\n<p>La capacitaci\u00f3n cuenta con el respaldo acad\u00e9mico de 10 universidades nacionales, lo que garantiza su validez nacional en el marco de la Ley N\u00b0 24.521, debiendo incorporarse en el legajo profesional dentro del apartado de Antecedentes Acad\u00e9micos o Formaci\u00f3n de Posgrado\/Extensi\u00f3n.<\/p>\n<p>La inscripci\u00f3n es totalmente gratuita y puede realizarse a trav\u00e9s del siguiente enlace: https:\/\/bit.ly\/4c6hI0p<\/p>\n<p>Tambi\u00e9n se puede solicitar informaci\u00f3n v\u00eda WhatsApp a los n\u00fameros 3856791094 y 381-4094643.<\/p>\n","protected":false},"excerpt":{"rendered":"<p>Se desarrollar\u00e1n de manera virtual los s\u00e1bados 21 y 28 de febrero, con inscripci\u00f3n gratuita y validez nacional. El evento contar\u00e1 con el respaldo de 10 universidades y la disertaci\u00f3n&hellip; <\/p>\n","protected":false},"author":1,"featured_media":66379,"comment_status":"closed","ping_status":"closed","sticky":false,"template":"","format":"standard","meta":{"footnotes":""},"categories":[16],"tags":[],"class_list":["post-66378","post","type-post","status-publish","format-standard","has-post-thumbnail","hentry","category-locales"],"_links":{"self":[{"href":"http:\/\/elurbanoweb.com.ar\/diario\/wp-json\/wp\/v2\/posts\/66378","targetHints":{"allow":["GET"]}}],"collection":[{"href":"http:\/\/elurbanoweb.com.ar\/diario\/wp-json\/wp\/v2\/posts"}],"about":[{"href":"http:\/\/elurbanoweb.com.ar\/diario\/wp-json\/wp\/v2\/types\/post"}],"author":[{"embeddable":true,"href":"http:\/\/elurbanoweb.com.ar\/diario\/wp-json\/wp\/v2\/users\/1"}],"replies":[{"embeddable":true,"href":"http:\/\/elurbanoweb.com.ar\/diario\/wp-json\/wp\/v2\/comments?post=66378"}],"version-history":[{"count":1,"href":"http:\/\/elurbanoweb.com.ar\/diario\/wp-json\/wp\/v2\/posts\/66378\/revisions"}],"predecessor-version":[{"id":66380,"href":"http:\/\/elurbanoweb.com.ar\/diario\/wp-json\/wp\/v2\/posts\/66378\/revisions\/66380"}],"wp:featuredmedia":[{"embeddable":true,"href":"http:\/\/elurbanoweb.com.ar\/diario\/wp-json\/wp\/v2\/media\/66379"}],"wp:attachment":[{"href":"http:\/\/elurbanoweb.com.ar\/diario\/wp-json\/wp\/v2\/media?parent=66378"}],"wp:term":[{"taxonomy":"category","embeddable":true,"href":"http:\/\/elurbanoweb.com.ar\/diario\/wp-json\/wp\/v2\/categories?post=66378"},{"taxonomy":"post_tag","embeddable":true,"href":"http:\/\/elurbanoweb.com.ar\/diario\/wp-json\/wp\/v2\/tags?post=66378"}],"curies":[{"name":"wp","href":"https:\/\/api.w.org\/{rel}","templated":true}]}}