{"id":66393,"date":"2026-02-16T09:52:36","date_gmt":"2026-02-16T12:52:36","guid":{"rendered":"https:\/\/elurbanoweb.com.ar\/diario\/?p=66393"},"modified":"2026-02-16T09:53:42","modified_gmt":"2026-02-16T12:53:42","slug":"calidad-de-vida-de-la-municipalidad-informo-los-barrios-que-esta-semana-seran-alcanzados-por-las-fumigaciones","status":"publish","type":"post","link":"http:\/\/elurbanoweb.com.ar\/diario\/calidad-de-vida-de-la-municipalidad-informo-los-barrios-que-esta-semana-seran-alcanzados-por-las-fumigaciones\/","title":{"rendered":"Calidad de Vida de la Municipalidad inform\u00f3 los barrios que esta semana ser\u00e1n alcanzados por las fumigaciones"},"content":{"rendered":"<p>La Direcci\u00f3n de Calidad de Vida de la Municipalidad de la Capital inform\u00f3 su cronograma de fumigaciones y los barrios que abarcar\u00e1n durante esta semana, en la continuidad de las acciones preventivas que se realizan durante todo el a\u00f1o.<\/p>\n<p><img loading=\"lazy\" decoding=\"async\" class=\"alignnone wp-image-66394 size-large\" src=\"http:\/\/elurbanoweb.com.ar\/diario\/wp-content\/uploads\/2026\/02\/magallanes-844x1024.jpg\" alt=\"\" width=\"844\" height=\"1024\" srcset=\"http:\/\/elurbanoweb.com.ar\/diario\/wp-content\/uploads\/2026\/02\/magallanes-844x1024.jpg 844w, http:\/\/elurbanoweb.com.ar\/diario\/wp-content\/uploads\/2026\/02\/magallanes-247x300.jpg 247w, http:\/\/elurbanoweb.com.ar\/diario\/wp-content\/uploads\/2026\/02\/magallanes-124x150.jpg 124w, http:\/\/elurbanoweb.com.ar\/diario\/wp-content\/uploads\/2026\/02\/magallanes.jpg 960w\" sizes=\"auto, (max-width: 844px) 100vw, 844px\" \/><\/p>\n<p><!--more--> El lunes comenzar\u00e1 por los barrios Almirante Brown, Islas Malvinas, Jard\u00edn, Los Flores (sectores 40,50,200 viviendas, duplex por V\u00edctor Alcorta, Virgen de Guadalupe y La Costa).<\/p>\n<p>El martes se trabajar\u00e1 en los barrios Cabildo (Ciudad del Ni\u00f1o), Belgrano (Palomar), 8 de Abril y C\u00e1ceres.<\/p>\n<p>El mi\u00e9rcoles ser\u00e1 el turno de los barrios Centro, Alberdi, Sargento Cabral, Lomas del Golf (sectores Rivera, Froil\u00e1n y Altos), Independencia (Ulluas, Amp. independencia, Telef\u00f3nicos, Parque del Rio I y II y III), Reconquista y La Cat\u00f3lica.<\/p>\n<p>El jueves las tareas se realizar\u00e1n en los barrios Aeropuerto y todas sus ampliaci\u00f3nes, Borges (Villa Borges, 1\u00b0 y 2\u00b0 ampliaci\u00f3n, Coesa), Parque, Juan XXIII (sector Tri\u00e1ngulo), San Francisco y Huaico Hondo (sector Tarapaya y villa Tranquila).<\/p>\n<p>El viernes se fumigar\u00e1 en los barrios General Paz (Dr. Favaloro), Bel\u00e9n (Santa Teresita), John Kennedy, Autonom\u00eda, Santa Rosa de Lima y San Jos\u00e9 de Flores.<\/p>\n","protected":false},"excerpt":{"rendered":"<p>La Direcci\u00f3n de Calidad de Vida de la Municipalidad de la Capital inform\u00f3 su cronograma de fumigaciones y los barrios que abarcar\u00e1n durante esta semana, en la continuidad de las&hellip; <\/p>\n","protected":false},"author":1,"featured_media":66396,"comment_status":"closed","ping_status":"closed","sticky":false,"template":"","format":"standard","meta":{"footnotes":""},"categories":[3],"tags":[],"class_list":["post-66393","post","type-post","status-publish","format-standard","has-post-thumbnail","hentry","category-municipio"],"_links":{"self":[{"href":"http:\/\/elurbanoweb.com.ar\/diario\/wp-json\/wp\/v2\/posts\/66393","targetHints":{"allow":["GET"]}}],"collection":[{"href":"http:\/\/elurbanoweb.com.ar\/diario\/wp-json\/wp\/v2\/posts"}],"about":[{"href":"http:\/\/elurbanoweb.com.ar\/diario\/wp-json\/wp\/v2\/types\/post"}],"author":[{"embeddable":true,"href":"http:\/\/elurbanoweb.com.ar\/diario\/wp-json\/wp\/v2\/users\/1"}],"replies":[{"embeddable":true,"href":"http:\/\/elurbanoweb.com.ar\/diario\/wp-json\/wp\/v2\/comments?post=66393"}],"version-history":[{"count":1,"href":"http:\/\/elurbanoweb.com.ar\/diario\/wp-json\/wp\/v2\/posts\/66393\/revisions"}],"predecessor-version":[{"id":66395,"href":"http:\/\/elurbanoweb.com.ar\/diario\/wp-json\/wp\/v2\/posts\/66393\/revisions\/66395"}],"wp:featuredmedia":[{"embeddable":true,"href":"http:\/\/elurbanoweb.com.ar\/diario\/wp-json\/wp\/v2\/media\/66396"}],"wp:attachment":[{"href":"http:\/\/elurbanoweb.com.ar\/diario\/wp-json\/wp\/v2\/media?parent=66393"}],"wp:term":[{"taxonomy":"category","embeddable":true,"href":"http:\/\/elurbanoweb.com.ar\/diario\/wp-json\/wp\/v2\/categories?post=66393"},{"taxonomy":"post_tag","embeddable":true,"href":"http:\/\/elurbanoweb.com.ar\/diario\/wp-json\/wp\/v2\/tags?post=66393"}],"curies":[{"name":"wp","href":"https:\/\/api.w.org\/{rel}","templated":true}]}}