{"id":66531,"date":"2026-02-20T13:29:03","date_gmt":"2026-02-20T16:29:03","guid":{"rendered":"https:\/\/elurbanoweb.com.ar\/diario\/?p=66531"},"modified":"2026-02-20T13:29:03","modified_gmt":"2026-02-20T16:29:03","slug":"fifa-firma-acuerdo-historico-con-el-consejo-de-la-paz-para-la-recuperacion-de-gaza-a-traves-del-futbol","status":"publish","type":"post","link":"http:\/\/elurbanoweb.com.ar\/diario\/fifa-firma-acuerdo-historico-con-el-consejo-de-la-paz-para-la-recuperacion-de-gaza-a-traves-del-futbol\/","title":{"rendered":"FIFA firma acuerdo hist\u00f3rico con el Consejo de la Paz para la recuperaci\u00f3n de Gaza a trav\u00e9s del f\u00fatbol"},"content":{"rendered":"<p>En un acto hist\u00f3rico, el presidente de la FIFA, Gianni Infantino, firm\u00f3 un acuerdo con el Consejo de la Paz para impulsar la recuperaci\u00f3n integral de Gaza (Palestina) a trav\u00e9s del deporte, espec\u00edficamente el f\u00fatbol. Este acuerdo establece un marco a largo plazo para crear un ecosistema futbol\u00edstico completo que incluir\u00e1 infraestructuras de primer nivel, programas comunitarios estructurados y oportunidades econ\u00f3micas sostenibles para la regi\u00f3n.<\/p>\n<p><img loading=\"lazy\" decoding=\"async\" class=\"alignnone wp-image-66532 size-large\" src=\"http:\/\/elurbanoweb.com.ar\/diario\/wp-content\/uploads\/2026\/02\/giani-1024x608.jpg\" alt=\"\" width=\"1024\" height=\"608\" srcset=\"http:\/\/elurbanoweb.com.ar\/diario\/wp-content\/uploads\/2026\/02\/giani-1024x608.jpg 1024w, http:\/\/elurbanoweb.com.ar\/diario\/wp-content\/uploads\/2026\/02\/giani-300x178.jpg 300w, http:\/\/elurbanoweb.com.ar\/diario\/wp-content\/uploads\/2026\/02\/giani-150x89.jpg 150w, http:\/\/elurbanoweb.com.ar\/diario\/wp-content\/uploads\/2026\/02\/giani.jpg 1212w\" sizes=\"auto, (max-width: 1024px) 100vw, 1024px\" \/><\/p>\n<p><!--more--><\/p>\n<p>Objetivos del acuerdo y el plan estrat\u00e9gico<br \/>\nEl acuerdo tiene como objetivo proporcionar infraestructuras modernas, fomentar puestos de trabajo y capacitaci\u00f3n laboral en Gaza, una ciudad que ha sido gravemente afectada por los conflictos con Israel. Este plan de recuperaci\u00f3n consta de cuatro fases, que incluyen desde la reconstrucci\u00f3n f\u00edsica hasta la activaci\u00f3n social y econ\u00f3mica de la regi\u00f3n.<\/p>\n<p>Entre las primeras acciones, destaca la construcci\u00f3n de 50 minicampos de FIFA Arena, ubicados cerca de centros educativos y zonas residenciales, as\u00ed como cinco campos de tama\u00f1o reglamentario en distintos distritos. Adem\u00e1s, se construir\u00e1 una moderna academia de la FIFA y un nuevo estadio nacional con capacidad para 20.000 personas.<\/p>\n<p>Promoviendo la inclusi\u00f3n y el desarrollo social<br \/>\nEl acuerdo tambi\u00e9n da prioridad a la participaci\u00f3n juvenil, creando ligas organizadas para ni\u00f1as y ni\u00f1os, as\u00ed como promoviendo la actividad comercial local y el empleo en la regi\u00f3n. Todo el proyecto ser\u00e1 implementado en funci\u00f3n de las condiciones de seguridad, que ser\u00e1n supervisadas de forma continua.<\/p>\n<p>Una de las iniciativas m\u00e1s destacadas de este acuerdo es la iniciativa FIFA Arena, que forma parte del compromiso de la FIFA de instalar al menos 1000 minicampos en todo el mundo para el a\u00f1o 2030. Estos minicampos est\u00e1n dise\u00f1ados para proporcionar acceso al f\u00fatbol en lugares donde el deporte ha estado restringido debido a diversas razones.<\/p>\n<p>Infantino: \u201cEl f\u00fatbol une y contribuye a que el planeta sea m\u00e1s pr\u00f3spero\u201d<br \/>\nEn su discurso tras la firma del acuerdo, Gianni Infantino resalt\u00f3 la importancia del f\u00fatbol como herramienta de uni\u00f3n y desarrollo social. \u201cEl f\u00fatbol une y contribuye a que el planeta sea m\u00e1s pr\u00f3spero\u201d, destac\u00f3 el presidente de la FIFA, refiri\u00e9ndose a la capacidad del deporte para educar, igualar y fomentar la paz en las regiones m\u00e1s afectadas por conflictos.<\/p>\n<p>Infantino tambi\u00e9n subray\u00f3 el compromiso de la FIFA con esta iniciativa, asegurando que, con el apoyo del Consejo de la Paz, se generar\u00e1n resultados tangibles en cada fase del proceso de recuperaci\u00f3n en Gaza.<\/p>\n","protected":false},"excerpt":{"rendered":"<p>En un acto hist\u00f3rico, el presidente de la FIFA, Gianni Infantino, firm\u00f3 un acuerdo con el Consejo de la Paz para impulsar la recuperaci\u00f3n integral de Gaza (Palestina) a trav\u00e9s&hellip; <\/p>\n","protected":false},"author":1,"featured_media":66532,"comment_status":"closed","ping_status":"closed","sticky":false,"template":"","format":"standard","meta":{"footnotes":""},"categories":[4],"tags":[],"class_list":["post-66531","post","type-post","status-publish","format-standard","has-post-thumbnail","hentry","category-deportes"],"_links":{"self":[{"href":"http:\/\/elurbanoweb.com.ar\/diario\/wp-json\/wp\/v2\/posts\/66531","targetHints":{"allow":["GET"]}}],"collection":[{"href":"http:\/\/elurbanoweb.com.ar\/diario\/wp-json\/wp\/v2\/posts"}],"about":[{"href":"http:\/\/elurbanoweb.com.ar\/diario\/wp-json\/wp\/v2\/types\/post"}],"author":[{"embeddable":true,"href":"http:\/\/elurbanoweb.com.ar\/diario\/wp-json\/wp\/v2\/users\/1"}],"replies":[{"embeddable":true,"href":"http:\/\/elurbanoweb.com.ar\/diario\/wp-json\/wp\/v2\/comments?post=66531"}],"version-history":[{"count":1,"href":"http:\/\/elurbanoweb.com.ar\/diario\/wp-json\/wp\/v2\/posts\/66531\/revisions"}],"predecessor-version":[{"id":66533,"href":"http:\/\/elurbanoweb.com.ar\/diario\/wp-json\/wp\/v2\/posts\/66531\/revisions\/66533"}],"wp:featuredmedia":[{"embeddable":true,"href":"http:\/\/elurbanoweb.com.ar\/diario\/wp-json\/wp\/v2\/media\/66532"}],"wp:attachment":[{"href":"http:\/\/elurbanoweb.com.ar\/diario\/wp-json\/wp\/v2\/media?parent=66531"}],"wp:term":[{"taxonomy":"category","embeddable":true,"href":"http:\/\/elurbanoweb.com.ar\/diario\/wp-json\/wp\/v2\/categories?post=66531"},{"taxonomy":"post_tag","embeddable":true,"href":"http:\/\/elurbanoweb.com.ar\/diario\/wp-json\/wp\/v2\/tags?post=66531"}],"curies":[{"name":"wp","href":"https:\/\/api.w.org\/{rel}","templated":true}]}}