{"id":66546,"date":"2026-02-21T09:43:27","date_gmt":"2026-02-21T12:43:27","guid":{"rendered":"https:\/\/elurbanoweb.com.ar\/diario\/?p=66546"},"modified":"2026-02-21T09:43:27","modified_gmt":"2026-02-21T12:43:27","slug":"el-concejo-deliberante-de-la-banda-tuvo-su-sesion-preparatoria-y-designo-sus-autoridades","status":"publish","type":"post","link":"http:\/\/elurbanoweb.com.ar\/diario\/el-concejo-deliberante-de-la-banda-tuvo-su-sesion-preparatoria-y-designo-sus-autoridades\/","title":{"rendered":"El Concejo Deliberante de La Banda tuvo su sesi\u00f3n preparatoria y design\u00f3 sus autoridades"},"content":{"rendered":"<p>Este viernes 20 de febrero, en la sede del Concejo Deliberante de La Banda, se llev\u00f3 a cabo la Sesi\u00f3n Preparatoria correspondiente al inicio del nuevo per\u00edodo legislativo.<\/p>\n<p><img loading=\"lazy\" decoding=\"async\" class=\"alignnone wp-image-66547 size-full\" src=\"http:\/\/elurbanoweb.com.ar\/diario\/wp-content\/uploads\/2026\/02\/concejo.jpg\" alt=\"\" width=\"1010\" height=\"567\" srcset=\"http:\/\/elurbanoweb.com.ar\/diario\/wp-content\/uploads\/2026\/02\/concejo.jpg 1010w, http:\/\/elurbanoweb.com.ar\/diario\/wp-content\/uploads\/2026\/02\/concejo-300x168.jpg 300w, http:\/\/elurbanoweb.com.ar\/diario\/wp-content\/uploads\/2026\/02\/concejo-150x84.jpg 150w\" sizes=\"auto, (max-width: 1010px) 100vw, 1010px\" \/><\/p>\n<p><!--more--><\/p>\n<p>Durante la jornada se avanz\u00f3 en la designaci\u00f3n de las autoridades que regir\u00e1n el cuerpo durante el presente a\u00f1o. De esta manera, el Concejo Deliberante de La Banda, tendr\u00e1 al concejal Miguel Montenegro, c\u00f3mo presidente provisional durante el desarrollo de este nuevo periodo legislativo, entre otras autoridades establecidas para cumplir funciones espec\u00edficas en las sesiones del 2026.<\/p>\n<p>Asimismo, se estableci\u00f3 que los martes a las 9 h se realizar\u00e1n las sesiones ordinarias y se avanz\u00f3 en la integraci\u00f3n de las distintas comisiones de trabajo, dando inicio formal al funcionamiento legislativo del a\u00f1o.<\/p>\n<p>En este sentido, el viceintendente Gabriel Santill\u00e1n, se\u00f1al\u00f3: \u00abLa Sesi\u00f3n Preparatoria constituye una instancia clave para la organizaci\u00f3n institucional del Concejo, permitiendo ordenar su funcionamiento y planificar la labor legislativa que acompa\u00f1ar\u00e1 el desarrollo de la ciudad durante el 2026\u00bb.<\/p>\n<p>\u00abEn el d\u00eda de hoy se di\u00f3 inicio al calendario legislativo seg\u00fan lo establece la Carta Org\u00e1nica y el reglamento interno del HCD donde se reactiva la tarea legislativa en la ciudad de La Banda, quedando elegidas las autoridades del cuerpo legislativo y de la instituci\u00f3n propiamente dicha\u00bb<\/p>\n<p>\u00abEs mucha la expectativa que tenemos para este a\u00f1o en avanzar con las desiciones legislativas que beneficien directamente a los vecinos y se de soluciones efectivas a las necesidades que hay en la ciudad\u00bb, finaliz\u00f3 Santill\u00e1n.<\/p>\n","protected":false},"excerpt":{"rendered":"<p>Este viernes 20 de febrero, en la sede del Concejo Deliberante de La Banda, se llev\u00f3 a cabo la Sesi\u00f3n Preparatoria correspondiente al inicio del nuevo per\u00edodo legislativo.<\/p>\n","protected":false},"author":1,"featured_media":66547,"comment_status":"closed","ping_status":"closed","sticky":false,"template":"","format":"standard","meta":{"footnotes":""},"categories":[9],"tags":[],"class_list":["post-66546","post","type-post","status-publish","format-standard","has-post-thumbnail","hentry","category-la-banda"],"_links":{"self":[{"href":"http:\/\/elurbanoweb.com.ar\/diario\/wp-json\/wp\/v2\/posts\/66546","targetHints":{"allow":["GET"]}}],"collection":[{"href":"http:\/\/elurbanoweb.com.ar\/diario\/wp-json\/wp\/v2\/posts"}],"about":[{"href":"http:\/\/elurbanoweb.com.ar\/diario\/wp-json\/wp\/v2\/types\/post"}],"author":[{"embeddable":true,"href":"http:\/\/elurbanoweb.com.ar\/diario\/wp-json\/wp\/v2\/users\/1"}],"replies":[{"embeddable":true,"href":"http:\/\/elurbanoweb.com.ar\/diario\/wp-json\/wp\/v2\/comments?post=66546"}],"version-history":[{"count":1,"href":"http:\/\/elurbanoweb.com.ar\/diario\/wp-json\/wp\/v2\/posts\/66546\/revisions"}],"predecessor-version":[{"id":66548,"href":"http:\/\/elurbanoweb.com.ar\/diario\/wp-json\/wp\/v2\/posts\/66546\/revisions\/66548"}],"wp:featuredmedia":[{"embeddable":true,"href":"http:\/\/elurbanoweb.com.ar\/diario\/wp-json\/wp\/v2\/media\/66547"}],"wp:attachment":[{"href":"http:\/\/elurbanoweb.com.ar\/diario\/wp-json\/wp\/v2\/media?parent=66546"}],"wp:term":[{"taxonomy":"category","embeddable":true,"href":"http:\/\/elurbanoweb.com.ar\/diario\/wp-json\/wp\/v2\/categories?post=66546"},{"taxonomy":"post_tag","embeddable":true,"href":"http:\/\/elurbanoweb.com.ar\/diario\/wp-json\/wp\/v2\/tags?post=66546"}],"curies":[{"name":"wp","href":"https:\/\/api.w.org\/{rel}","templated":true}]}}