{"id":66561,"date":"2026-02-21T09:52:16","date_gmt":"2026-02-21T12:52:16","guid":{"rendered":"https:\/\/elurbanoweb.com.ar\/diario\/?p=66561"},"modified":"2026-02-21T09:52:16","modified_gmt":"2026-02-21T12:52:16","slug":"se-llevo-a-cabo-la-primera-reunion-del-ano-de-la-mesa-interinstitucional-del-arsenico-mia","status":"publish","type":"post","link":"http:\/\/elurbanoweb.com.ar\/diario\/se-llevo-a-cabo-la-primera-reunion-del-ano-de-la-mesa-interinstitucional-del-arsenico-mia\/","title":{"rendered":"Se llev\u00f3 a cabo la primera reuni\u00f3n del a\u00f1o de la Mesa Interinstitucional del Ars\u00e9nico (MIA)"},"content":{"rendered":"<p>En la sala del Consejo Superior de la UNSE, representantes de todas las instituciones que conforman la MIA se reunieron para dar apertura al trabajo anual en torno a una tem\u00e1tica regional clave: la situaci\u00f3n del ars\u00e9nico en el agua y su impacto en nuestras comunidades.<\/p>\n<p><img loading=\"lazy\" decoding=\"async\" class=\"alignnone wp-image-66562 size-large\" src=\"http:\/\/elurbanoweb.com.ar\/diario\/wp-content\/uploads\/2026\/02\/arsenico1-1024x571.jpg\" alt=\"\" width=\"1024\" height=\"571\" srcset=\"http:\/\/elurbanoweb.com.ar\/diario\/wp-content\/uploads\/2026\/02\/arsenico1-1024x571.jpg 1024w, http:\/\/elurbanoweb.com.ar\/diario\/wp-content\/uploads\/2026\/02\/arsenico1-300x167.jpg 300w, http:\/\/elurbanoweb.com.ar\/diario\/wp-content\/uploads\/2026\/02\/arsenico1-150x84.jpg 150w, http:\/\/elurbanoweb.com.ar\/diario\/wp-content\/uploads\/2026\/02\/arsenico1-1536x856.jpg 1536w, http:\/\/elurbanoweb.com.ar\/diario\/wp-content\/uploads\/2026\/02\/arsenico1.jpg 2048w\" sizes=\"auto, (max-width: 1024px) 100vw, 1024px\" \/><\/p>\n<p><!--more--> La jornada cont\u00f3 con la participaci\u00f3n del rector de la UNSE, Lic. Marcelino Ledesma y la coordinadora de la MIA, Ing. Roc\u00edo Carreras y reuni\u00f3 a autoridades provinciales, municipales, universitarias, organizaciones civiles, profesionales, docentes, nodocentes, estudiantes y equipos t\u00e9cnicos que integran este espacio de trabajo colaborativo creado en 2019 para promover el acceso al agua segura en las comunidades de Santiago del Estero.<\/p>\n<p>Se abordaron los ejes prioritarios que se encuentran comprendidos en la planificaci\u00f3n de acciones conjuntas para el 2026, entre ellos, las actividades de la III Jornada Regional del Ars\u00e9nico, bajo la consigna \u201cAgua con ars\u00e9nico: saberes y pr\u00e1cticas en torno a una problem\u00e1tica regional compleja\u201d.<\/p>\n<p>Ceelebramos estas instancias claves para fortalecer el di\u00e1logo institucional, impulsar estrategias integradas y avanzar en soluciones concretas para nuestra provincia.<\/p>\n","protected":false},"excerpt":{"rendered":"<p>En la sala del Consejo Superior de la UNSE, representantes de todas las instituciones que conforman la MIA se reunieron para dar apertura al trabajo anual en torno a una&hellip; <\/p>\n","protected":false},"author":1,"featured_media":66562,"comment_status":"closed","ping_status":"closed","sticky":false,"template":"","format":"standard","meta":{"footnotes":""},"categories":[15],"tags":[],"class_list":["post-66561","post","type-post","status-publish","format-standard","has-post-thumbnail","hentry","category-unse"],"_links":{"self":[{"href":"http:\/\/elurbanoweb.com.ar\/diario\/wp-json\/wp\/v2\/posts\/66561","targetHints":{"allow":["GET"]}}],"collection":[{"href":"http:\/\/elurbanoweb.com.ar\/diario\/wp-json\/wp\/v2\/posts"}],"about":[{"href":"http:\/\/elurbanoweb.com.ar\/diario\/wp-json\/wp\/v2\/types\/post"}],"author":[{"embeddable":true,"href":"http:\/\/elurbanoweb.com.ar\/diario\/wp-json\/wp\/v2\/users\/1"}],"replies":[{"embeddable":true,"href":"http:\/\/elurbanoweb.com.ar\/diario\/wp-json\/wp\/v2\/comments?post=66561"}],"version-history":[{"count":1,"href":"http:\/\/elurbanoweb.com.ar\/diario\/wp-json\/wp\/v2\/posts\/66561\/revisions"}],"predecessor-version":[{"id":66563,"href":"http:\/\/elurbanoweb.com.ar\/diario\/wp-json\/wp\/v2\/posts\/66561\/revisions\/66563"}],"wp:featuredmedia":[{"embeddable":true,"href":"http:\/\/elurbanoweb.com.ar\/diario\/wp-json\/wp\/v2\/media\/66562"}],"wp:attachment":[{"href":"http:\/\/elurbanoweb.com.ar\/diario\/wp-json\/wp\/v2\/media?parent=66561"}],"wp:term":[{"taxonomy":"category","embeddable":true,"href":"http:\/\/elurbanoweb.com.ar\/diario\/wp-json\/wp\/v2\/categories?post=66561"},{"taxonomy":"post_tag","embeddable":true,"href":"http:\/\/elurbanoweb.com.ar\/diario\/wp-json\/wp\/v2\/tags?post=66561"}],"curies":[{"name":"wp","href":"https:\/\/api.w.org\/{rel}","templated":true}]}}