{"id":66582,"date":"2026-02-22T10:52:13","date_gmt":"2026-02-22T13:52:13","guid":{"rendered":"https:\/\/elurbanoweb.com.ar\/diario\/?p=66582"},"modified":"2026-02-22T10:52:13","modified_gmt":"2026-02-22T13:52:13","slug":"certificacion-y-puntaje-para-los-participantes-del-taller-de-danzas-folcloricas","status":"publish","type":"post","link":"http:\/\/elurbanoweb.com.ar\/diario\/certificacion-y-puntaje-para-los-participantes-del-taller-de-danzas-folcloricas\/","title":{"rendered":"Certificaci\u00f3n y puntaje para los participantes del taller de danzas folcl\u00f3ricas"},"content":{"rendered":"<p>En la oportunidad, el director de la Juventud, Delfor Ger\u00e9z, tambi\u00e9n destac\u00f3 una novedad muy importante que formaliza y jerarquiza la formaci\u00f3n de los participantes del taller de danzas folcl\u00f3ricas argentinas a trav\u00e9s de un taller de formaci\u00f3n.<\/p>\n<p><img loading=\"lazy\" decoding=\"async\" class=\"alignnone wp-image-66583 size-full\" src=\"http:\/\/elurbanoweb.com.ar\/diario\/wp-content\/uploads\/2026\/02\/danzas0.jpg\" alt=\"\" width=\"1010\" height=\"567\" srcset=\"http:\/\/elurbanoweb.com.ar\/diario\/wp-content\/uploads\/2026\/02\/danzas0.jpg 1010w, http:\/\/elurbanoweb.com.ar\/diario\/wp-content\/uploads\/2026\/02\/danzas0-300x168.jpg 300w, http:\/\/elurbanoweb.com.ar\/diario\/wp-content\/uploads\/2026\/02\/danzas0-150x84.jpg 150w\" sizes=\"auto, (max-width: 1010px) 100vw, 1010px\" \/><\/p>\n<p><!--more--><\/p>\n<p>\u201cEste a\u00f1o se ha podido concretar lo que era un anhelo, dotar al Taller Intensivo de Danza Folcl\u00f3rica Argentinas de una unidad acad\u00e9mica.<\/p>\n<p>Durante las 16 clases el profesor Claudio Torres ense\u00f1\u00f3 no solo pasos de bailes a los participantes sino tambi\u00e9n brind\u00f3 datos y teor\u00eda sobre danzas folcl\u00f3ricas argentinas.<\/p>\n<p>Entonces, desde la Direcci\u00f3n de la Juventud decidimos formalizar el taller con un soporte acad\u00e9mico que la pr\u00f3xima semana vamos a estar haciendo, lo que ser\u00eda la parte te\u00f3rica, a trav\u00e9s de un conversatorio.<\/p>\n<p>Despu\u00e9s se har\u00e1 una evaluaci\u00f3n a los participantes que van a poder obtener una certificaci\u00f3n con puntaje otorgado por la Subsecretar\u00eda de Educaci\u00f3n y Cultura de la Municipalidad de La Banda.<\/p>\n<p>La capacitaci\u00f3n y post-evaluaci\u00f3n se va a realizar el d\u00eda s\u00e1bado 28 de febrero, desde las 9 hasta las 12, en la Escuela Municipal de Programaci\u00f3n y Rob\u00f3tica, situada sobre la Avenida Besares\u201d.<\/p>\n<p>Cabe destacar, que en estas actividades tambi\u00e9n intervienen otras direcciones del municipio como Salud, Adulto Mayor, Nutrici\u00f3n Comunitaria, Iluminaci\u00f3n, Servicios P\u00fablicos, Tr\u00e1nsito y Alerta Banda.<\/p>\n","protected":false},"excerpt":{"rendered":"<p>En la oportunidad, el director de la Juventud, Delfor Ger\u00e9z, tambi\u00e9n destac\u00f3 una novedad muy importante que formaliza y jerarquiza la formaci\u00f3n de los participantes del taller de danzas folcl\u00f3ricas&hellip; <\/p>\n","protected":false},"author":1,"featured_media":66583,"comment_status":"closed","ping_status":"closed","sticky":false,"template":"","format":"standard","meta":{"footnotes":""},"categories":[9],"tags":[],"class_list":["post-66582","post","type-post","status-publish","format-standard","has-post-thumbnail","hentry","category-la-banda"],"_links":{"self":[{"href":"http:\/\/elurbanoweb.com.ar\/diario\/wp-json\/wp\/v2\/posts\/66582","targetHints":{"allow":["GET"]}}],"collection":[{"href":"http:\/\/elurbanoweb.com.ar\/diario\/wp-json\/wp\/v2\/posts"}],"about":[{"href":"http:\/\/elurbanoweb.com.ar\/diario\/wp-json\/wp\/v2\/types\/post"}],"author":[{"embeddable":true,"href":"http:\/\/elurbanoweb.com.ar\/diario\/wp-json\/wp\/v2\/users\/1"}],"replies":[{"embeddable":true,"href":"http:\/\/elurbanoweb.com.ar\/diario\/wp-json\/wp\/v2\/comments?post=66582"}],"version-history":[{"count":1,"href":"http:\/\/elurbanoweb.com.ar\/diario\/wp-json\/wp\/v2\/posts\/66582\/revisions"}],"predecessor-version":[{"id":66584,"href":"http:\/\/elurbanoweb.com.ar\/diario\/wp-json\/wp\/v2\/posts\/66582\/revisions\/66584"}],"wp:featuredmedia":[{"embeddable":true,"href":"http:\/\/elurbanoweb.com.ar\/diario\/wp-json\/wp\/v2\/media\/66583"}],"wp:attachment":[{"href":"http:\/\/elurbanoweb.com.ar\/diario\/wp-json\/wp\/v2\/media?parent=66582"}],"wp:term":[{"taxonomy":"category","embeddable":true,"href":"http:\/\/elurbanoweb.com.ar\/diario\/wp-json\/wp\/v2\/categories?post=66582"},{"taxonomy":"post_tag","embeddable":true,"href":"http:\/\/elurbanoweb.com.ar\/diario\/wp-json\/wp\/v2\/tags?post=66582"}],"curies":[{"name":"wp","href":"https:\/\/api.w.org\/{rel}","templated":true}]}}