{"id":66606,"date":"2026-02-22T11:08:38","date_gmt":"2026-02-22T14:08:38","guid":{"rendered":"https:\/\/elurbanoweb.com.ar\/diario\/?p=66606"},"modified":"2026-02-22T11:08:38","modified_gmt":"2026-02-22T14:08:38","slug":"la-escuela-de-artes-y-oficios-de-la-unse-prepara-el-inicio-de-clases-2026-de-su-oferta-de-cursos-y-talleres-en-modalidad-presencial-y-virtual","status":"publish","type":"post","link":"http:\/\/elurbanoweb.com.ar\/diario\/la-escuela-de-artes-y-oficios-de-la-unse-prepara-el-inicio-de-clases-2026-de-su-oferta-de-cursos-y-talleres-en-modalidad-presencial-y-virtual\/","title":{"rendered":"La Escuela de Artes y Oficios de la UNSE prepara el inicio de clases 2026 de su oferta de cursos y talleres en modalidad presencial y virtual"},"content":{"rendered":"<p>En este camino, autoridades y capacitadores se reunieron para delinear acciones de trabajo colaborativo que garanticen espacios de formaci\u00f3n de calidad y herramientas para una r\u00e1pida salida laboral de los estudiantes.<\/p>\n<p><img loading=\"lazy\" decoding=\"async\" class=\"alignnone wp-image-66607 size-large\" src=\"http:\/\/elurbanoweb.com.ar\/diario\/wp-content\/uploads\/2026\/02\/oferta1-1024x542.jpg\" alt=\"\" width=\"1024\" height=\"542\" srcset=\"http:\/\/elurbanoweb.com.ar\/diario\/wp-content\/uploads\/2026\/02\/oferta1-1024x542.jpg 1024w, http:\/\/elurbanoweb.com.ar\/diario\/wp-content\/uploads\/2026\/02\/oferta1-300x159.jpg 300w, http:\/\/elurbanoweb.com.ar\/diario\/wp-content\/uploads\/2026\/02\/oferta1-150x79.jpg 150w, http:\/\/elurbanoweb.com.ar\/diario\/wp-content\/uploads\/2026\/02\/oferta1-1536x813.jpg 1536w, http:\/\/elurbanoweb.com.ar\/diario\/wp-content\/uploads\/2026\/02\/oferta1.jpg 2048w\" sizes=\"auto, (max-width: 1024px) 100vw, 1024px\" \/><\/p>\n<p><!--more-->&#x25aa; Estuvieron presente el rector Lic. Marcelino Ledesma; la directora de la Escuela, Lic. Marcela Ju\u00e1rez; la coordinadora acad\u00e9mica, Lic. Adriana Barrera y el coordinador administrativo, Tec. Javier Peralta, quienes saludaron y agradecieron a los profesores por el compromiso que a\u00f1o a a\u00f1o tienen con la Escuela y la comunidad.<\/p>\n<p>&#x25aa; Participaron capacitadores de los cursos de oficios, art\u00edsticos, de inter\u00e9s general y capacitaci\u00f3n docente quienes compartieron con el equipo de gesti\u00f3n sus inquietudes y sugerencias, as\u00ed como tambi\u00e9n las novedades previstas para este a\u00f1o.<\/p>\n<p>&#x25aa; El Rector destac\u00f3 los 27 a\u00f1os de trayectoria de la Escuela, que desde sus inicios como Pecunse, supo estar al servicio de los santiague\u00f1os brindando oportunidades desde la educaci\u00f3n y con un fuerte compromiso social.<\/p>\n<p>&#x25aa; Por su parte, la Lic. Ju\u00e1rez y los coordinadores explicaron las accciones que se llevan a cabo desde la infraestructura, equipamiento y puesta a punto de la sede ubicada en El Zanj\u00f3n, con miras al inicio de clases en las pr\u00f3ximas semanas. Adem\u00e1s, hicieron referencia a la actualizaci\u00f3n de programas, ofertas, honorarios y todo lo referente al comienzo de las clases te\u00f3ricas- pr\u00e1cticas.<\/p>\n","protected":false},"excerpt":{"rendered":"<p>En este camino, autoridades y capacitadores se reunieron para delinear acciones de trabajo colaborativo que garanticen espacios de formaci\u00f3n de calidad y herramientas para una r\u00e1pida salida laboral de los&hellip; <\/p>\n","protected":false},"author":1,"featured_media":66607,"comment_status":"closed","ping_status":"closed","sticky":false,"template":"","format":"standard","meta":{"footnotes":""},"categories":[15],"tags":[],"class_list":["post-66606","post","type-post","status-publish","format-standard","has-post-thumbnail","hentry","category-unse"],"_links":{"self":[{"href":"http:\/\/elurbanoweb.com.ar\/diario\/wp-json\/wp\/v2\/posts\/66606","targetHints":{"allow":["GET"]}}],"collection":[{"href":"http:\/\/elurbanoweb.com.ar\/diario\/wp-json\/wp\/v2\/posts"}],"about":[{"href":"http:\/\/elurbanoweb.com.ar\/diario\/wp-json\/wp\/v2\/types\/post"}],"author":[{"embeddable":true,"href":"http:\/\/elurbanoweb.com.ar\/diario\/wp-json\/wp\/v2\/users\/1"}],"replies":[{"embeddable":true,"href":"http:\/\/elurbanoweb.com.ar\/diario\/wp-json\/wp\/v2\/comments?post=66606"}],"version-history":[{"count":1,"href":"http:\/\/elurbanoweb.com.ar\/diario\/wp-json\/wp\/v2\/posts\/66606\/revisions"}],"predecessor-version":[{"id":66608,"href":"http:\/\/elurbanoweb.com.ar\/diario\/wp-json\/wp\/v2\/posts\/66606\/revisions\/66608"}],"wp:featuredmedia":[{"embeddable":true,"href":"http:\/\/elurbanoweb.com.ar\/diario\/wp-json\/wp\/v2\/media\/66607"}],"wp:attachment":[{"href":"http:\/\/elurbanoweb.com.ar\/diario\/wp-json\/wp\/v2\/media?parent=66606"}],"wp:term":[{"taxonomy":"category","embeddable":true,"href":"http:\/\/elurbanoweb.com.ar\/diario\/wp-json\/wp\/v2\/categories?post=66606"},{"taxonomy":"post_tag","embeddable":true,"href":"http:\/\/elurbanoweb.com.ar\/diario\/wp-json\/wp\/v2\/tags?post=66606"}],"curies":[{"name":"wp","href":"https:\/\/api.w.org\/{rel}","templated":true}]}}