{"id":66609,"date":"2026-02-22T11:11:58","date_gmt":"2026-02-22T14:11:58","guid":{"rendered":"https:\/\/elurbanoweb.com.ar\/diario\/?p=66609"},"modified":"2026-02-22T11:11:58","modified_gmt":"2026-02-22T14:11:58","slug":"mas-trabajos-de-instalacion-y-reposicion-de-luminarias-led-5","status":"publish","type":"post","link":"http:\/\/elurbanoweb.com.ar\/diario\/mas-trabajos-de-instalacion-y-reposicion-de-luminarias-led-5\/","title":{"rendered":"M\u00e1s trabajos de instalaci\u00f3n y reposici\u00f3n de luminarias Led"},"content":{"rendered":"<p>Barrio Bel\u00e9n: se colocaron 16 artefactos en las manzanas 25, 26, 20, 21, 23, 30, 1 y 8.<\/p>\n<p><img loading=\"lazy\" decoding=\"async\" class=\"alignnone wp-image-66610 size-large\" src=\"http:\/\/elurbanoweb.com.ar\/diario\/wp-content\/uploads\/2026\/02\/tres2-1024x641.jpg\" alt=\"\" width=\"1024\" height=\"641\" srcset=\"http:\/\/elurbanoweb.com.ar\/diario\/wp-content\/uploads\/2026\/02\/tres2-1024x641.jpg 1024w, http:\/\/elurbanoweb.com.ar\/diario\/wp-content\/uploads\/2026\/02\/tres2-300x188.jpg 300w, http:\/\/elurbanoweb.com.ar\/diario\/wp-content\/uploads\/2026\/02\/tres2-150x94.jpg 150w, http:\/\/elurbanoweb.com.ar\/diario\/wp-content\/uploads\/2026\/02\/tres2-1536x961.jpg 1536w, http:\/\/elurbanoweb.com.ar\/diario\/wp-content\/uploads\/2026\/02\/tres2-2048x1282.jpg 2048w\" sizes=\"auto, (max-width: 1024px) 100vw, 1024px\" \/><\/p>\n<p><!--more-->Se repusieron por tercera vez tres artefactos que hab\u00edan sido vandalizados.<\/p>\n<p>Barrio Don Bosco: se colocaron 10 artefactos en las calles Islas Malvinas, 11, 494, Lules y Candelaria.<\/p>\n<p>Barrio Borges se colocaron dos artefactos en la calle 11.<\/p>\n<p>Barrio General Paz: se colocaron 10 artefactos de las calles Homero Manzi, Veracruz, Caminantes y 263.<\/p>\n","protected":false},"excerpt":{"rendered":"<p>Barrio Bel\u00e9n: se colocaron 16 artefactos en las manzanas 25, 26, 20, 21, 23, 30, 1 y 8.<\/p>\n","protected":false},"author":1,"featured_media":66610,"comment_status":"closed","ping_status":"closed","sticky":false,"template":"","format":"standard","meta":{"footnotes":""},"categories":[3],"tags":[],"class_list":["post-66609","post","type-post","status-publish","format-standard","has-post-thumbnail","hentry","category-municipio"],"_links":{"self":[{"href":"http:\/\/elurbanoweb.com.ar\/diario\/wp-json\/wp\/v2\/posts\/66609","targetHints":{"allow":["GET"]}}],"collection":[{"href":"http:\/\/elurbanoweb.com.ar\/diario\/wp-json\/wp\/v2\/posts"}],"about":[{"href":"http:\/\/elurbanoweb.com.ar\/diario\/wp-json\/wp\/v2\/types\/post"}],"author":[{"embeddable":true,"href":"http:\/\/elurbanoweb.com.ar\/diario\/wp-json\/wp\/v2\/users\/1"}],"replies":[{"embeddable":true,"href":"http:\/\/elurbanoweb.com.ar\/diario\/wp-json\/wp\/v2\/comments?post=66609"}],"version-history":[{"count":1,"href":"http:\/\/elurbanoweb.com.ar\/diario\/wp-json\/wp\/v2\/posts\/66609\/revisions"}],"predecessor-version":[{"id":66611,"href":"http:\/\/elurbanoweb.com.ar\/diario\/wp-json\/wp\/v2\/posts\/66609\/revisions\/66611"}],"wp:featuredmedia":[{"embeddable":true,"href":"http:\/\/elurbanoweb.com.ar\/diario\/wp-json\/wp\/v2\/media\/66610"}],"wp:attachment":[{"href":"http:\/\/elurbanoweb.com.ar\/diario\/wp-json\/wp\/v2\/media?parent=66609"}],"wp:term":[{"taxonomy":"category","embeddable":true,"href":"http:\/\/elurbanoweb.com.ar\/diario\/wp-json\/wp\/v2\/categories?post=66609"},{"taxonomy":"post_tag","embeddable":true,"href":"http:\/\/elurbanoweb.com.ar\/diario\/wp-json\/wp\/v2\/tags?post=66609"}],"curies":[{"name":"wp","href":"https:\/\/api.w.org\/{rel}","templated":true}]}}