{"id":66649,"date":"2026-02-23T09:46:51","date_gmt":"2026-02-23T12:46:51","guid":{"rendered":"https:\/\/elurbanoweb.com.ar\/diario\/?p=66649"},"modified":"2026-02-23T09:46:51","modified_gmt":"2026-02-23T12:46:51","slug":"la-unse-realizo-la-entrega-formal-del-titulo-de-doctora-en-educacion-a-la-dra-rudix-camacho","status":"publish","type":"post","link":"http:\/\/elurbanoweb.com.ar\/diario\/la-unse-realizo-la-entrega-formal-del-titulo-de-doctora-en-educacion-a-la-dra-rudix-camacho\/","title":{"rendered":"La UNSE realiz\u00f3 la entrega formal del t\u00edtulo de Doctora en Educaci\u00f3n a la Dra. Rudix Camacho"},"content":{"rendered":"<p>Primera egresada del Doctorado en Educaci\u00f3n de la Escuela para la Innovaci\u00f3n Educativa, dependiente de la Universidad Nacional de Santiago del Estero.<\/p>\n<p><img loading=\"lazy\" decoding=\"async\" class=\"alignnone wp-image-66650 size-large\" src=\"http:\/\/elurbanoweb.com.ar\/diario\/wp-content\/uploads\/2026\/02\/primera1-1024x720.jpg\" alt=\"\" width=\"1024\" height=\"720\" srcset=\"http:\/\/elurbanoweb.com.ar\/diario\/wp-content\/uploads\/2026\/02\/primera1-1024x720.jpg 1024w, http:\/\/elurbanoweb.com.ar\/diario\/wp-content\/uploads\/2026\/02\/primera1-300x211.jpg 300w, http:\/\/elurbanoweb.com.ar\/diario\/wp-content\/uploads\/2026\/02\/primera1-150x105.jpg 150w, http:\/\/elurbanoweb.com.ar\/diario\/wp-content\/uploads\/2026\/02\/primera1.jpg 1459w\" sizes=\"auto, (max-width: 1024px) 100vw, 1024px\" \/><\/p>\n<p><!--more-->La ceremonia cont\u00f3 con la presencia del rector de la UNSE. Lic. Marcelino Ledesma; la vicerrectora, Dra. Fernanda Mellano; la secretaria de Posgrado de la UNSE, Dra. Florencia Frau, la secretaria Acad\u00e9mica de la UNSE, Mg. Romina Cordero y la secreatroa acad\u00e9mica de la EIE, Mg. Mercedes Quevedo.<\/p>\n<p>La Dra. Camacho, oriunda de Jujuy, defendi\u00f3 su tesis el 31 de mayo de 2024, titulada \u201cDel texto a la recepci\u00f3n: interpretaci\u00f3n y puesta en acto de pol\u00edticas curriculares en las pr\u00e1cticas \u00e1ulicas e institucionales de la formaci\u00f3n docente en Jujuy\u201d.<\/p>\n","protected":false},"excerpt":{"rendered":"<p>Primera egresada del Doctorado en Educaci\u00f3n de la Escuela para la Innovaci\u00f3n Educativa, dependiente de la Universidad Nacional de Santiago del Estero.<\/p>\n","protected":false},"author":1,"featured_media":66650,"comment_status":"closed","ping_status":"closed","sticky":false,"template":"","format":"standard","meta":{"footnotes":""},"categories":[15],"tags":[],"class_list":["post-66649","post","type-post","status-publish","format-standard","has-post-thumbnail","hentry","category-unse"],"_links":{"self":[{"href":"http:\/\/elurbanoweb.com.ar\/diario\/wp-json\/wp\/v2\/posts\/66649","targetHints":{"allow":["GET"]}}],"collection":[{"href":"http:\/\/elurbanoweb.com.ar\/diario\/wp-json\/wp\/v2\/posts"}],"about":[{"href":"http:\/\/elurbanoweb.com.ar\/diario\/wp-json\/wp\/v2\/types\/post"}],"author":[{"embeddable":true,"href":"http:\/\/elurbanoweb.com.ar\/diario\/wp-json\/wp\/v2\/users\/1"}],"replies":[{"embeddable":true,"href":"http:\/\/elurbanoweb.com.ar\/diario\/wp-json\/wp\/v2\/comments?post=66649"}],"version-history":[{"count":1,"href":"http:\/\/elurbanoweb.com.ar\/diario\/wp-json\/wp\/v2\/posts\/66649\/revisions"}],"predecessor-version":[{"id":66651,"href":"http:\/\/elurbanoweb.com.ar\/diario\/wp-json\/wp\/v2\/posts\/66649\/revisions\/66651"}],"wp:featuredmedia":[{"embeddable":true,"href":"http:\/\/elurbanoweb.com.ar\/diario\/wp-json\/wp\/v2\/media\/66650"}],"wp:attachment":[{"href":"http:\/\/elurbanoweb.com.ar\/diario\/wp-json\/wp\/v2\/media?parent=66649"}],"wp:term":[{"taxonomy":"category","embeddable":true,"href":"http:\/\/elurbanoweb.com.ar\/diario\/wp-json\/wp\/v2\/categories?post=66649"},{"taxonomy":"post_tag","embeddable":true,"href":"http:\/\/elurbanoweb.com.ar\/diario\/wp-json\/wp\/v2\/tags?post=66649"}],"curies":[{"name":"wp","href":"https:\/\/api.w.org\/{rel}","templated":true}]}}