{"id":66658,"date":"2026-02-23T13:53:01","date_gmt":"2026-02-23T16:53:01","guid":{"rendered":"https:\/\/elurbanoweb.com.ar\/diario\/?p=66658"},"modified":"2026-02-23T13:53:01","modified_gmt":"2026-02-23T16:53:01","slug":"el-corso-de-la-ciudad-lleno-de-color-y-alegria-la-noche-bandena","status":"publish","type":"post","link":"http:\/\/elurbanoweb.com.ar\/diario\/el-corso-de-la-ciudad-lleno-de-color-y-alegria-la-noche-bandena\/","title":{"rendered":"\u201cEl Corso de la Ciudad\u201d llen\u00f3 de color y alegr\u00eda la noche bande\u00f1a"},"content":{"rendered":"<p>La ciudad vivi\u00f3 una verdadera fiesta popular con la realizaci\u00f3n del \u201cCorso de la Ciudad\u201d, que se llev\u00f3 a cabo el domingo en el Patin\u00f3dromo Municipal, que cont\u00f3 con la presencia del intendente Ing. Roger El\u00edas Nediani y con un gran marco de p\u00fablico.<\/p>\n<p><img loading=\"lazy\" decoding=\"async\" class=\"alignnone wp-image-66659 size-full\" src=\"http:\/\/elurbanoweb.com.ar\/diario\/wp-content\/uploads\/2026\/02\/corso5.jpg\" alt=\"\" width=\"1010\" height=\"567\" srcset=\"http:\/\/elurbanoweb.com.ar\/diario\/wp-content\/uploads\/2026\/02\/corso5.jpg 1010w, http:\/\/elurbanoweb.com.ar\/diario\/wp-content\/uploads\/2026\/02\/corso5-300x168.jpg 300w, http:\/\/elurbanoweb.com.ar\/diario\/wp-content\/uploads\/2026\/02\/corso5-150x84.jpg 150w\" sizes=\"auto, (max-width: 1010px) 100vw, 1010px\" \/><\/p>\n<p><!--more--><\/p>\n<p>En el evento participaron murgas y comparsas locales e invitados especialmente para la ocasi\u00f3n, reuniendo a m\u00e1s de 1000 artistas de diferentes edades, quienes llenaron de color, m\u00fasica y alegr\u00eda la noche.<\/p>\n<p>Las murgas participantes fueron: Centro de Murga Ilustres Del Carnaval; Centro de Murga Incomparables De La Loma; Academia Juan Saavedra; Murga los Gloriosos De La Banda; Comparsa delirio Banda Gaby; Comparsa Bella Bah\u00eda Banda Tino; Centro Murga Los elegantes Del Carnaval; Centro de Murga Murgueros del Oeste; Gym de Luz Nadotti; e Imperio Los Ju\u00e1rez: Banda de las Estrellas.<\/p>\n<p>Adem\u00e1s, el p\u00fablico pudo disfrutar de la musicalizaci\u00f3n en vivo con DJs, invitados, paseo gastron\u00f3mico y una feria de artesanos y emprendedores locales.<\/p>\n<p>Cabe destacar, que el corso cont\u00f3 con el acompa\u00f1amiento del municipio bande\u00f1o, que respalda permanentemente las actividades culturales que se desarrollan en la ciudad, reafirmando su compromiso con la promoci\u00f3n del arte, la cultura y las tradiciones populares.<\/p>\n<p>En la oportunidad, estuvo presente el Intendente Roger E. Nediani, qui\u00e9n expres\u00f3: \u00abEstamos aqu\u00ed, este es el segundo evento de un corso que llevamos adelante en el Patin\u00f3dromo Municipal.<\/p>\n<p>En ese sentido, quiero agradecer a Bruno D\u00edaz y al &#8216;Tano&#8217; Storniolo tambi\u00e9n, que son parte de la organizaci\u00f3n y por supuesto al municipio de la ciudad de La Banda en sus diferentes \u00e1reas y a todas las comparsas, a las murgas y a las academias de gimnasia que est\u00e1n participando.<\/p>\n<p>Un evento muy convocante donde podemos observar una gran cantidad de vecinos y vecinas y ni\u00f1os, ni\u00f1as que vienen a divertirse. Esto es parte de nuestra cultura tambi\u00e9n, pero no solamente de la cultura sino tambi\u00e9n de la posibilidad que tienen todos estos emprendedores que tenemos aqu\u00ed en la ciudad de La Banda que tambi\u00e9n puedan comercializar sus proyectos.<\/p>\n<p>As\u00ed que estoy muy contento, muy conforme, muy agradecido, como te dec\u00eda, tanto a Bruno como al Tano. Y vamos a seguir trabajando a pesar de la situaci\u00f3n dur\u00edsima desde lo econ\u00f3mico a nivel nacional, aqu\u00ed en la ciudad de La Banda, apostando a la cultura, apostando a la recreaci\u00f3n, al esparcimiento, tambi\u00e9n a los emprendedores para que puedan trabajar.<\/p>\n<p>As\u00ed que muchas gracias por el acompa\u00f1amiento a todos los vecinos y vecinas que han llegado. Con este evento damos por finalizadas las actividades de carnaval, as\u00ed que muchas gracias y a seguir divirti\u00e9ndonos como lo venimos haciendo sanamente en familia, con ni\u00f1os y ni\u00f1as de todos los barrios de la ciudad\u00bb, finaliz\u00f3.<\/p>\n","protected":false},"excerpt":{"rendered":"<p>La ciudad vivi\u00f3 una verdadera fiesta popular con la realizaci\u00f3n del \u201cCorso de la Ciudad\u201d, que se llev\u00f3 a cabo el domingo en el Patin\u00f3dromo Municipal, que cont\u00f3 con la&hellip; <\/p>\n","protected":false},"author":1,"featured_media":66659,"comment_status":"closed","ping_status":"closed","sticky":false,"template":"","format":"standard","meta":{"footnotes":""},"categories":[9],"tags":[],"class_list":["post-66658","post","type-post","status-publish","format-standard","has-post-thumbnail","hentry","category-la-banda"],"_links":{"self":[{"href":"http:\/\/elurbanoweb.com.ar\/diario\/wp-json\/wp\/v2\/posts\/66658","targetHints":{"allow":["GET"]}}],"collection":[{"href":"http:\/\/elurbanoweb.com.ar\/diario\/wp-json\/wp\/v2\/posts"}],"about":[{"href":"http:\/\/elurbanoweb.com.ar\/diario\/wp-json\/wp\/v2\/types\/post"}],"author":[{"embeddable":true,"href":"http:\/\/elurbanoweb.com.ar\/diario\/wp-json\/wp\/v2\/users\/1"}],"replies":[{"embeddable":true,"href":"http:\/\/elurbanoweb.com.ar\/diario\/wp-json\/wp\/v2\/comments?post=66658"}],"version-history":[{"count":1,"href":"http:\/\/elurbanoweb.com.ar\/diario\/wp-json\/wp\/v2\/posts\/66658\/revisions"}],"predecessor-version":[{"id":66660,"href":"http:\/\/elurbanoweb.com.ar\/diario\/wp-json\/wp\/v2\/posts\/66658\/revisions\/66660"}],"wp:featuredmedia":[{"embeddable":true,"href":"http:\/\/elurbanoweb.com.ar\/diario\/wp-json\/wp\/v2\/media\/66659"}],"wp:attachment":[{"href":"http:\/\/elurbanoweb.com.ar\/diario\/wp-json\/wp\/v2\/media?parent=66658"}],"wp:term":[{"taxonomy":"category","embeddable":true,"href":"http:\/\/elurbanoweb.com.ar\/diario\/wp-json\/wp\/v2\/categories?post=66658"},{"taxonomy":"post_tag","embeddable":true,"href":"http:\/\/elurbanoweb.com.ar\/diario\/wp-json\/wp\/v2\/tags?post=66658"}],"curies":[{"name":"wp","href":"https:\/\/api.w.org\/{rel}","templated":true}]}}