{"id":66667,"date":"2026-02-24T09:53:40","date_gmt":"2026-02-24T12:53:40","guid":{"rendered":"https:\/\/elurbanoweb.com.ar\/diario\/?p=66667"},"modified":"2026-02-24T09:53:40","modified_gmt":"2026-02-24T12:53:40","slug":"el-programa-mas-cerca-tuyo-tuvo-una-amplia-convocatoria-en-el-barrio-el-tuscal","status":"publish","type":"post","link":"http:\/\/elurbanoweb.com.ar\/diario\/el-programa-mas-cerca-tuyo-tuvo-una-amplia-convocatoria-en-el-barrio-el-tuscal\/","title":{"rendered":"El programa \u201cM\u00e1s Cerca Tuyo\u201d tuvo una amplia convocatoria en el barrio El Tuscal"},"content":{"rendered":"<p>La Municipalidad de La Banda desarroll\u00f3 una nueva jornada del programa \u201cM\u00e1s Cerca Tuyo\u201d en el barrio El Tuscal, donde se registr\u00f3 una importante participaci\u00f3n de vecinos que accedieron a m\u00faltiples servicios y prestaciones municipales.<\/p>\n<p><img loading=\"lazy\" decoding=\"async\" class=\"alignnone wp-image-66668 size-full\" src=\"http:\/\/elurbanoweb.com.ar\/diario\/wp-content\/uploads\/2026\/02\/cerca0.jpg\" alt=\"\" width=\"1010\" height=\"567\" srcset=\"http:\/\/elurbanoweb.com.ar\/diario\/wp-content\/uploads\/2026\/02\/cerca0.jpg 1010w, http:\/\/elurbanoweb.com.ar\/diario\/wp-content\/uploads\/2026\/02\/cerca0-300x168.jpg 300w, http:\/\/elurbanoweb.com.ar\/diario\/wp-content\/uploads\/2026\/02\/cerca0-150x84.jpg 150w\" sizes=\"auto, (max-width: 1010px) 100vw, 1010px\" \/><\/p>\n<p><!--more--><\/p>\n<p>En este marco, la directora de Nutrici\u00f3n Comunitaria, Mar\u00eda R\u00edos, destac\u00f3 la presencia del programa por primera vez en el sector y expres\u00f3 su satisfacci\u00f3n por el trabajo articulado entre las distintas \u00e1reas. \u201cEs la primera vez que estamos en este sector y ha sido muy satisfactorio. Todas las direcciones han trabajado brindando asistencia\u201d, se\u00f1al\u00f3.<\/p>\n<p>Durante la jornada se brind\u00f3 atenci\u00f3n a m\u00e1s de 150 ni\u00f1os y m\u00e1s de 100 adultos, quienes recibieron acompa\u00f1amiento de las diferentes \u00e1reas municipales. Ademas, se ofrecieron servicios de atenci\u00f3n m\u00e9dica, corte de cabello y asistencia alimentaria, incluyendo la entrega de complementos minerales por parte de la Direcci\u00f3n de Nutrici\u00f3n Comunitaria.<\/p>\n<p>La actividad se desarroll\u00f3 en un Punto de Encuentro de Alimentaci\u00f3n Segura que funciona en el barrio El Tuscal, espacio que el equipo visita semanalmente para garantizar la entrega de la unidad alimentaria correspondiente.<\/p>\n<p>En este sentido, R\u00edos remarc\u00f3 la gran concurrencia de vecinos y el trabajo coordinado de todas las \u00e1reas, atender diversas demandas de la comunidad. Asimismo, indic\u00f3 que muchos vecinos solicitaron que el programa regrese pr\u00f3ximamente al barrio.<\/p>\n<p>Desde el municipio se reafirma el compromiso de continuar acercando servicios esenciales a los distintos sectores de la ciudad, promoviendo la inclusi\u00f3n y el acompa\u00f1amiento integral de las familias bande\u00f1as.<\/p>\n","protected":false},"excerpt":{"rendered":"<p>La Municipalidad de La Banda desarroll\u00f3 una nueva jornada del programa \u201cM\u00e1s Cerca Tuyo\u201d en el barrio El Tuscal, donde se registr\u00f3 una importante participaci\u00f3n de vecinos que accedieron a&hellip; <\/p>\n","protected":false},"author":1,"featured_media":66668,"comment_status":"closed","ping_status":"closed","sticky":false,"template":"","format":"standard","meta":{"footnotes":""},"categories":[9],"tags":[],"class_list":["post-66667","post","type-post","status-publish","format-standard","has-post-thumbnail","hentry","category-la-banda"],"_links":{"self":[{"href":"http:\/\/elurbanoweb.com.ar\/diario\/wp-json\/wp\/v2\/posts\/66667","targetHints":{"allow":["GET"]}}],"collection":[{"href":"http:\/\/elurbanoweb.com.ar\/diario\/wp-json\/wp\/v2\/posts"}],"about":[{"href":"http:\/\/elurbanoweb.com.ar\/diario\/wp-json\/wp\/v2\/types\/post"}],"author":[{"embeddable":true,"href":"http:\/\/elurbanoweb.com.ar\/diario\/wp-json\/wp\/v2\/users\/1"}],"replies":[{"embeddable":true,"href":"http:\/\/elurbanoweb.com.ar\/diario\/wp-json\/wp\/v2\/comments?post=66667"}],"version-history":[{"count":1,"href":"http:\/\/elurbanoweb.com.ar\/diario\/wp-json\/wp\/v2\/posts\/66667\/revisions"}],"predecessor-version":[{"id":66669,"href":"http:\/\/elurbanoweb.com.ar\/diario\/wp-json\/wp\/v2\/posts\/66667\/revisions\/66669"}],"wp:featuredmedia":[{"embeddable":true,"href":"http:\/\/elurbanoweb.com.ar\/diario\/wp-json\/wp\/v2\/media\/66668"}],"wp:attachment":[{"href":"http:\/\/elurbanoweb.com.ar\/diario\/wp-json\/wp\/v2\/media?parent=66667"}],"wp:term":[{"taxonomy":"category","embeddable":true,"href":"http:\/\/elurbanoweb.com.ar\/diario\/wp-json\/wp\/v2\/categories?post=66667"},{"taxonomy":"post_tag","embeddable":true,"href":"http:\/\/elurbanoweb.com.ar\/diario\/wp-json\/wp\/v2\/tags?post=66667"}],"curies":[{"name":"wp","href":"https:\/\/api.w.org\/{rel}","templated":true}]}}