{"id":66691,"date":"2026-02-24T10:13:11","date_gmt":"2026-02-24T13:13:11","guid":{"rendered":"https:\/\/elurbanoweb.com.ar\/diario\/?p=66691"},"modified":"2026-02-24T10:13:11","modified_gmt":"2026-02-24T13:13:11","slug":"la-intendente-fuentes-se-reunio-con-la-comision-directiva-de-la-biblioteca-agustin-alvarez","status":"publish","type":"post","link":"http:\/\/elurbanoweb.com.ar\/diario\/la-intendente-fuentes-se-reunio-con-la-comision-directiva-de-la-biblioteca-agustin-alvarez\/","title":{"rendered":"La intendente Fuentes se reuni\u00f3 con la comisi\u00f3n directiva de la biblioteca Agust\u00edn Alvarez"},"content":{"rendered":"<p>La intendente de la Capital, Ing. Norma Fuentes, recibi\u00f3 en el Sal\u00f3n de Acuerdos de la Municipalidad de la Capital a la comisi\u00f3n directiva de la la biblioteca Agust\u00edn Alvarez, que durante 2026 cumplir\u00e1 su centenario.<\/p>\n<p><img loading=\"lazy\" decoding=\"async\" class=\"alignnone wp-image-66692 size-large\" src=\"http:\/\/elurbanoweb.com.ar\/diario\/wp-content\/uploads\/2026\/02\/agustin-1024x683.jpg\" alt=\"\" width=\"1024\" height=\"683\" srcset=\"http:\/\/elurbanoweb.com.ar\/diario\/wp-content\/uploads\/2026\/02\/agustin-1024x683.jpg 1024w, http:\/\/elurbanoweb.com.ar\/diario\/wp-content\/uploads\/2026\/02\/agustin-300x200.jpg 300w, http:\/\/elurbanoweb.com.ar\/diario\/wp-content\/uploads\/2026\/02\/agustin-150x100.jpg 150w, http:\/\/elurbanoweb.com.ar\/diario\/wp-content\/uploads\/2026\/02\/agustin.jpg 1392w\" sizes=\"auto, (max-width: 1024px) 100vw, 1024px\" \/><\/p>\n<p><!--more--> La delegaci\u00f3n estuvo encabezada por su presidenta, Dra. Mar\u00eda TeresaTenti.<\/p>\n<p>Durante el encuentro se dialog\u00f3 sobre los 100 a\u00f1os de la biblioteca y su trabajo institucional en la sociedad.<\/p>\n<p>Tambi\u00e9n asistieron la Dra. Delia Raab de Alvarez; Viviana Montero; Leda Barrera Cardozo, entre otras.<\/p>\n<p>Por su parte, acompa\u00f1aron a la intendente Fuentes el secretario de Gobierno, Walter Medina Salom\u00f3n y la subsecretaria de Educaci\u00f3n, Nancy Bravo.<\/p>\n","protected":false},"excerpt":{"rendered":"<p>La intendente de la Capital, Ing. Norma Fuentes, recibi\u00f3 en el Sal\u00f3n de Acuerdos de la Municipalidad de la Capital a la comisi\u00f3n directiva de la la biblioteca Agust\u00edn Alvarez,&hellip; <\/p>\n","protected":false},"author":1,"featured_media":66692,"comment_status":"closed","ping_status":"closed","sticky":false,"template":"","format":"standard","meta":{"footnotes":""},"categories":[3],"tags":[],"class_list":["post-66691","post","type-post","status-publish","format-standard","has-post-thumbnail","hentry","category-municipio"],"_links":{"self":[{"href":"http:\/\/elurbanoweb.com.ar\/diario\/wp-json\/wp\/v2\/posts\/66691","targetHints":{"allow":["GET"]}}],"collection":[{"href":"http:\/\/elurbanoweb.com.ar\/diario\/wp-json\/wp\/v2\/posts"}],"about":[{"href":"http:\/\/elurbanoweb.com.ar\/diario\/wp-json\/wp\/v2\/types\/post"}],"author":[{"embeddable":true,"href":"http:\/\/elurbanoweb.com.ar\/diario\/wp-json\/wp\/v2\/users\/1"}],"replies":[{"embeddable":true,"href":"http:\/\/elurbanoweb.com.ar\/diario\/wp-json\/wp\/v2\/comments?post=66691"}],"version-history":[{"count":1,"href":"http:\/\/elurbanoweb.com.ar\/diario\/wp-json\/wp\/v2\/posts\/66691\/revisions"}],"predecessor-version":[{"id":66693,"href":"http:\/\/elurbanoweb.com.ar\/diario\/wp-json\/wp\/v2\/posts\/66691\/revisions\/66693"}],"wp:featuredmedia":[{"embeddable":true,"href":"http:\/\/elurbanoweb.com.ar\/diario\/wp-json\/wp\/v2\/media\/66692"}],"wp:attachment":[{"href":"http:\/\/elurbanoweb.com.ar\/diario\/wp-json\/wp\/v2\/media?parent=66691"}],"wp:term":[{"taxonomy":"category","embeddable":true,"href":"http:\/\/elurbanoweb.com.ar\/diario\/wp-json\/wp\/v2\/categories?post=66691"},{"taxonomy":"post_tag","embeddable":true,"href":"http:\/\/elurbanoweb.com.ar\/diario\/wp-json\/wp\/v2\/tags?post=66691"}],"curies":[{"name":"wp","href":"https:\/\/api.w.org\/{rel}","templated":true}]}}