{"id":66706,"date":"2026-02-24T10:22:19","date_gmt":"2026-02-24T13:22:19","guid":{"rendered":"https:\/\/elurbanoweb.com.ar\/diario\/?p=66706"},"modified":"2026-02-24T10:22:19","modified_gmt":"2026-02-24T13:22:19","slug":"elias-suarez-abrira-el-ciclo-lectivo-2026-desde-las-delicias-y-habilitara-obras-escolares","status":"publish","type":"post","link":"http:\/\/elurbanoweb.com.ar\/diario\/elias-suarez-abrira-el-ciclo-lectivo-2026-desde-las-delicias-y-habilitara-obras-escolares\/","title":{"rendered":"El\u00edas Su\u00e1rez abrir\u00e1 el ciclo lectivo 2026 desde Las Delicias y habilitar\u00e1 obras escolares"},"content":{"rendered":"<p>El gobernador encabezar\u00e1 el inicio del ciclo lectivo 2026 en el departamento Pellegrini, donde tambi\u00e9n dejar\u00e1 inauguradas obras de refacci\u00f3n y ampliaci\u00f3n en una escuela y un jard\u00edn de infantes.<\/p>\n<p><img loading=\"lazy\" decoding=\"async\" class=\"alignnone wp-image-66707 size-full\" src=\"http:\/\/elurbanoweb.com.ar\/diario\/wp-content\/uploads\/2026\/02\/gobernador1.jpg\" alt=\"\" width=\"1010\" height=\"567\" srcset=\"http:\/\/elurbanoweb.com.ar\/diario\/wp-content\/uploads\/2026\/02\/gobernador1.jpg 1010w, http:\/\/elurbanoweb.com.ar\/diario\/wp-content\/uploads\/2026\/02\/gobernador1-300x168.jpg 300w, http:\/\/elurbanoweb.com.ar\/diario\/wp-content\/uploads\/2026\/02\/gobernador1-150x84.jpg 150w\" sizes=\"auto, (max-width: 1010px) 100vw, 1010px\" \/><\/p>\n<p><!--more--><\/p>\n<p>El gobernador El\u00edas Su\u00e1rez encabezar\u00e1 este jueves por la ma\u00f1ana el acto oficial de inauguraci\u00f3n del ciclo lectivo 2026 en la provincia de Santiago del Estero. La ceremonia se realizar\u00e1 en la localidad de Las Delicias, departamento Pellegrini.<\/p>\n<p>El mandatario provincial estar\u00e1 acompa\u00f1ado por miembros de su Gabinete y ser\u00e1 recibido por autoridades locales. En el marco de la jornada, adem\u00e1s, dejar\u00e1 formalmente inauguradas las obras de refacci\u00f3n y ampliaci\u00f3n de una escuela y de un jard\u00edn de infantes de la zona.<\/p>\n<p>En declaraciones previas, Su\u00e1rez hab\u00eda destacado que la Provincia sostendr\u00e1 durante este a\u00f1o una fuerte inversi\u00f3n con recursos propios en infraestructura escolar, con el objetivo de garantizar la igualdad de oportunidades y mejores condiciones de aprendizaje para los estudiantes santiague\u00f1os.<\/p>\n","protected":false},"excerpt":{"rendered":"<p>El gobernador encabezar\u00e1 el inicio del ciclo lectivo 2026 en el departamento Pellegrini, donde tambi\u00e9n dejar\u00e1 inauguradas obras de refacci\u00f3n y ampliaci\u00f3n en una escuela y un jard\u00edn de infantes.<\/p>\n","protected":false},"author":1,"featured_media":66707,"comment_status":"closed","ping_status":"closed","sticky":false,"template":"","format":"standard","meta":{"footnotes":""},"categories":[2],"tags":[],"class_list":["post-66706","post","type-post","status-publish","format-standard","has-post-thumbnail","hentry","category-gobierno"],"_links":{"self":[{"href":"http:\/\/elurbanoweb.com.ar\/diario\/wp-json\/wp\/v2\/posts\/66706","targetHints":{"allow":["GET"]}}],"collection":[{"href":"http:\/\/elurbanoweb.com.ar\/diario\/wp-json\/wp\/v2\/posts"}],"about":[{"href":"http:\/\/elurbanoweb.com.ar\/diario\/wp-json\/wp\/v2\/types\/post"}],"author":[{"embeddable":true,"href":"http:\/\/elurbanoweb.com.ar\/diario\/wp-json\/wp\/v2\/users\/1"}],"replies":[{"embeddable":true,"href":"http:\/\/elurbanoweb.com.ar\/diario\/wp-json\/wp\/v2\/comments?post=66706"}],"version-history":[{"count":1,"href":"http:\/\/elurbanoweb.com.ar\/diario\/wp-json\/wp\/v2\/posts\/66706\/revisions"}],"predecessor-version":[{"id":66708,"href":"http:\/\/elurbanoweb.com.ar\/diario\/wp-json\/wp\/v2\/posts\/66706\/revisions\/66708"}],"wp:featuredmedia":[{"embeddable":true,"href":"http:\/\/elurbanoweb.com.ar\/diario\/wp-json\/wp\/v2\/media\/66707"}],"wp:attachment":[{"href":"http:\/\/elurbanoweb.com.ar\/diario\/wp-json\/wp\/v2\/media?parent=66706"}],"wp:term":[{"taxonomy":"category","embeddable":true,"href":"http:\/\/elurbanoweb.com.ar\/diario\/wp-json\/wp\/v2\/categories?post=66706"},{"taxonomy":"post_tag","embeddable":true,"href":"http:\/\/elurbanoweb.com.ar\/diario\/wp-json\/wp\/v2\/tags?post=66706"}],"curies":[{"name":"wp","href":"https:\/\/api.w.org\/{rel}","templated":true}]}}