{"id":66724,"date":"2026-02-25T08:55:06","date_gmt":"2026-02-25T11:55:06","guid":{"rendered":"https:\/\/elurbanoweb.com.ar\/diario\/?p=66724"},"modified":"2026-02-25T08:55:06","modified_gmt":"2026-02-25T11:55:06","slug":"obras-publicas-de-la-municipalidad-trabaja-en-el-mantenimiento-de-las-calles-del-barrio-saint-germes","status":"publish","type":"post","link":"http:\/\/elurbanoweb.com.ar\/diario\/obras-publicas-de-la-municipalidad-trabaja-en-el-mantenimiento-de-las-calles-del-barrio-saint-germes\/","title":{"rendered":"Obras P\u00fablicas de la Municipalidad trabaja en el mantenimiento de las calles del barrio Saint Germ\u00e9s"},"content":{"rendered":"<p>La Direcci\u00f3n de Obras P\u00fablicas de la Municipalidad de la Capital lleva adelante un trabajo de mantenimiento de calzadas con concreto asf\u00e1ltico en el barrio Saint Germ\u00e9s a lo largo de m\u00e1s de 4.600 metros lineales.<\/p>\n<p><img loading=\"lazy\" decoding=\"async\" class=\"alignnone wp-image-66725 size-full\" src=\"http:\/\/elurbanoweb.com.ar\/diario\/wp-content\/uploads\/2026\/02\/calles0.jpg\" alt=\"\" width=\"1010\" height=\"567\" srcset=\"http:\/\/elurbanoweb.com.ar\/diario\/wp-content\/uploads\/2026\/02\/calles0.jpg 1010w, http:\/\/elurbanoweb.com.ar\/diario\/wp-content\/uploads\/2026\/02\/calles0-300x168.jpg 300w, http:\/\/elurbanoweb.com.ar\/diario\/wp-content\/uploads\/2026\/02\/calles0-150x84.jpg 150w\" sizes=\"auto, (max-width: 1010px) 100vw, 1010px\" \/><\/p>\n<p><!--more--><\/p>\n<p>Se trata de un plan de bacheo para mejorar la superficie de rodamientos sobre la colectora Ricardo Alfons\u00edn desde Av. Lugones hasta Col\u00f3n, luego desde Av. Col\u00f3n y colectora Alfons\u00edn hasta calle Franklin Moyano en doble mano y continuar\u00e1 desde colectora Alfons\u00edn y Avenida Col\u00f3n hasta San Expedito y desde San Expedito hasta Franklin Moyano.<\/p>\n<p>Los trabajos forman parte del Programa de Mantenimiento de la Red Vial que se desarrolla en diferentes sectores y barrios de la ciudad para mejorar las condiciones de transitabilidad de los veh\u00edculos.<\/p>\n","protected":false},"excerpt":{"rendered":"<p>La Direcci\u00f3n de Obras P\u00fablicas de la Municipalidad de la Capital lleva adelante un trabajo de mantenimiento de calzadas con concreto asf\u00e1ltico en el barrio Saint Germ\u00e9s a lo largo&hellip; <\/p>\n","protected":false},"author":1,"featured_media":66725,"comment_status":"closed","ping_status":"closed","sticky":false,"template":"","format":"standard","meta":{"footnotes":""},"categories":[3],"tags":[],"class_list":["post-66724","post","type-post","status-publish","format-standard","has-post-thumbnail","hentry","category-municipio"],"_links":{"self":[{"href":"http:\/\/elurbanoweb.com.ar\/diario\/wp-json\/wp\/v2\/posts\/66724","targetHints":{"allow":["GET"]}}],"collection":[{"href":"http:\/\/elurbanoweb.com.ar\/diario\/wp-json\/wp\/v2\/posts"}],"about":[{"href":"http:\/\/elurbanoweb.com.ar\/diario\/wp-json\/wp\/v2\/types\/post"}],"author":[{"embeddable":true,"href":"http:\/\/elurbanoweb.com.ar\/diario\/wp-json\/wp\/v2\/users\/1"}],"replies":[{"embeddable":true,"href":"http:\/\/elurbanoweb.com.ar\/diario\/wp-json\/wp\/v2\/comments?post=66724"}],"version-history":[{"count":1,"href":"http:\/\/elurbanoweb.com.ar\/diario\/wp-json\/wp\/v2\/posts\/66724\/revisions"}],"predecessor-version":[{"id":66726,"href":"http:\/\/elurbanoweb.com.ar\/diario\/wp-json\/wp\/v2\/posts\/66724\/revisions\/66726"}],"wp:featuredmedia":[{"embeddable":true,"href":"http:\/\/elurbanoweb.com.ar\/diario\/wp-json\/wp\/v2\/media\/66725"}],"wp:attachment":[{"href":"http:\/\/elurbanoweb.com.ar\/diario\/wp-json\/wp\/v2\/media?parent=66724"}],"wp:term":[{"taxonomy":"category","embeddable":true,"href":"http:\/\/elurbanoweb.com.ar\/diario\/wp-json\/wp\/v2\/categories?post=66724"},{"taxonomy":"post_tag","embeddable":true,"href":"http:\/\/elurbanoweb.com.ar\/diario\/wp-json\/wp\/v2\/tags?post=66724"}],"curies":[{"name":"wp","href":"https:\/\/api.w.org\/{rel}","templated":true}]}}