{"id":66727,"date":"2026-02-25T08:57:25","date_gmt":"2026-02-25T11:57:25","guid":{"rendered":"https:\/\/elurbanoweb.com.ar\/diario\/?p=66727"},"modified":"2026-02-25T08:57:25","modified_gmt":"2026-02-25T11:57:25","slug":"la-legislatura-destaco-el-rechazo-de-senadores-y-diputados-nacionales-santiaguenos-a-la-reforma-laboral-y-pondero-la-recomposicion-salarial-provincial","status":"publish","type":"post","link":"http:\/\/elurbanoweb.com.ar\/diario\/la-legislatura-destaco-el-rechazo-de-senadores-y-diputados-nacionales-santiaguenos-a-la-reforma-laboral-y-pondero-la-recomposicion-salarial-provincial\/","title":{"rendered":"La Legislatura destac\u00f3 el rechazo de senadores y diputados nacionales santiague\u00f1os a la reforma laboral y ponder\u00f3 la recomposici\u00f3n salarial provincial"},"content":{"rendered":"<p>En sesi\u00f3n encabezada por Carlos Silva Neder, la C\u00e1mara de Diputados valor\u00f3 la postura \u201cfederal\u201d de senadores y diputados nacionales y puso en relieve la recomposici\u00f3n salarial que fija un b\u00e1sico de $1.130.000.<\/p>\n<p><img loading=\"lazy\" decoding=\"async\" class=\"alignnone wp-image-66728 size-full\" src=\"http:\/\/elurbanoweb.com.ar\/diario\/wp-content\/uploads\/2026\/02\/legislatura0.jpg\" alt=\"\" width=\"1010\" height=\"567\" srcset=\"http:\/\/elurbanoweb.com.ar\/diario\/wp-content\/uploads\/2026\/02\/legislatura0.jpg 1010w, http:\/\/elurbanoweb.com.ar\/diario\/wp-content\/uploads\/2026\/02\/legislatura0-300x168.jpg 300w, http:\/\/elurbanoweb.com.ar\/diario\/wp-content\/uploads\/2026\/02\/legislatura0-150x84.jpg 150w\" sizes=\"auto, (max-width: 1010px) 100vw, 1010px\" \/><\/p>\n<p><!--more--><\/p>\n<p>En una nueva sesi\u00f3n ordinaria conducida por el vicegobernador y titular natural del Poder Legislativo, Dr. Carlos Silva Neder, la C\u00e1mara de Diputados de la Provincia respald\u00f3 la firme postura de los senadores y diputados nacionales santiague\u00f1os en el Congreso Nacional contra la reforma laboral y en defensa de los derechos de los trabajadores argentinos.<\/p>\n<p>Durante el debate, los legisladores calificaron como \u201ccoherencia federal\u201d el voto negativo de los representantes santiague\u00f1os al considerar que \u201cel proyecto prioriza intereses corporativos sobre los derechos del trabajador\u201d.<\/p>\n<p>En contraste, se puso en valor la decisi\u00f3n del gobernador El\u00edas Miguel Su\u00e1rez de otorgar un incremento del 42,4% en el b\u00e1sico, medida que supera la inflaci\u00f3n interanual y consolida un piso salarial de $1.130.000, destacando que es resultado de una administraci\u00f3n eficiente iniciada en la gesti\u00f3n de Gerardo Zamora.<\/p>\n<p>Asimismo, la C\u00e1mara destac\u00f3 la implementaci\u00f3n del programa \u201cSantiago Crece con Vos\u201d, definido como un puente hacia la empleabilidad. Los diputados subrayaron los 57 trayectos formativos con aval universitario (UNSE y UCSE) y el est\u00edmulo econ\u00f3mico de $35.000, remarcando que la exigencia de terminalidad educativa fortalece el capital humano de la provincia.<\/p>\n<p>Importantes proyectos aprobados<\/p>\n<p>Durante la sesi\u00f3n se aprob\u00f3 un proyecto de Decreto que establece que la documentaci\u00f3n emitida por la C\u00e1mara deber\u00e1 llevar la leyenda: \u201cA\u00f1o 2026 \u2013 Homenaje al Dr. Ram\u00f3n Carrillo al conmemorarse 70 a\u00f1os de su fallecimiento\u201d, en concordancia con el Decreto del Poder Ejecutivo.<\/p>\n<p>Adem\u00e1s, se declararon de inter\u00e9s los actos por el 248\u00b0 aniversario del natalicio del General Don Jos\u00e9 de San Mart\u00edn (25\/02) en la Plaza San Mart\u00edn; el 128\u00b0 aniversario de Campo Gallo; y el conversatorio \u201cPreparaci\u00f3n y Acci\u00f3n Anticipatoria en la Gesti\u00f3n de Riesgos de Emergencia y Desastres\u201d (25\/02) en el Nodo Tecnol\u00f3gico.<\/p>\n<p>Tambi\u00e9n fueron declarados de inter\u00e9s la 13\u00b0 Edici\u00f3n del Festival Dorado de la Algarroba, el 50\u00b0 Festival de la Canci\u00f3n Popular, la 37\u00b0 Edici\u00f3n del Gran Duelo del Chamam\u00e9 2026, la premiaci\u00f3n \u201cMujeres en Servicio\u201d del Rotary Club Huarmi de Santiago del Estero y la XVIII Edici\u00f3n del Festival del Canto Sachero.<\/p>\n<p>Reconocimiento al programa radial el cl\u00e1sico<\/p>\n<p>Previo al inicio de la sesi\u00f3n ordinaria y encabezado por Carlos Silva Neder, la C\u00e1mara realiz\u00f3 un reconocimiento a la trayectoria del programa radial El Cl\u00e1sico, que se transmite ininterrumpidamente desde hace 25 a\u00f1os por Radio Panorama de Santiago del Estero.<\/p>\n<p>Los integrantes del programa \u2014Ram\u00f3n \u00c1vila, Pablo Pereyra, Guillermo Fern\u00e1ndez, Lautaro Beltr\u00e1n, Jos\u00e9 Taboada Lissi, Amar\u00fa P\u00e9rez y Jorge \u00c1vila\u2014 recibieron diplomas y la Declaraci\u00f3n de inter\u00e9s provincial, social y cultural.<\/p>\n<p>En representaci\u00f3n del equipo, Ram\u00f3n \u00c1vila expres\u00f3 que el grupo se siente afortunado de coincidir con el proceso de fortalecimiento del deporte como pol\u00edtica de Estado en la provincia, lo que permiti\u00f3 a los profesionales capacitarse y acceder a eventos de nivel internacional y nacional.<\/p>\n<p>Por su parte, el Vicegobernador destac\u00f3 el aporte del programa a la comunicaci\u00f3n deportiva, la difusi\u00f3n cultural y la federalizaci\u00f3n del deporte en Santiago del Estero, y subray\u00f3 que su labor promueve valores como el trabajo en equipo, el esfuerzo y el sentido de pertenencia, en el marco de una pol\u00edtica deportiva iniciada por Gerardo Zamora y continuada por El\u00edas Miguel Su\u00e1rez.<\/p>\n","protected":false},"excerpt":{"rendered":"<p>En sesi\u00f3n encabezada por Carlos Silva Neder, la C\u00e1mara de Diputados valor\u00f3 la postura \u201cfederal\u201d de senadores y diputados nacionales y puso en relieve la recomposici\u00f3n salarial que fija un&hellip; <\/p>\n","protected":false},"author":1,"featured_media":66728,"comment_status":"closed","ping_status":"closed","sticky":false,"template":"","format":"standard","meta":{"footnotes":""},"categories":[16],"tags":[],"class_list":["post-66727","post","type-post","status-publish","format-standard","has-post-thumbnail","hentry","category-locales"],"_links":{"self":[{"href":"http:\/\/elurbanoweb.com.ar\/diario\/wp-json\/wp\/v2\/posts\/66727","targetHints":{"allow":["GET"]}}],"collection":[{"href":"http:\/\/elurbanoweb.com.ar\/diario\/wp-json\/wp\/v2\/posts"}],"about":[{"href":"http:\/\/elurbanoweb.com.ar\/diario\/wp-json\/wp\/v2\/types\/post"}],"author":[{"embeddable":true,"href":"http:\/\/elurbanoweb.com.ar\/diario\/wp-json\/wp\/v2\/users\/1"}],"replies":[{"embeddable":true,"href":"http:\/\/elurbanoweb.com.ar\/diario\/wp-json\/wp\/v2\/comments?post=66727"}],"version-history":[{"count":1,"href":"http:\/\/elurbanoweb.com.ar\/diario\/wp-json\/wp\/v2\/posts\/66727\/revisions"}],"predecessor-version":[{"id":66729,"href":"http:\/\/elurbanoweb.com.ar\/diario\/wp-json\/wp\/v2\/posts\/66727\/revisions\/66729"}],"wp:featuredmedia":[{"embeddable":true,"href":"http:\/\/elurbanoweb.com.ar\/diario\/wp-json\/wp\/v2\/media\/66728"}],"wp:attachment":[{"href":"http:\/\/elurbanoweb.com.ar\/diario\/wp-json\/wp\/v2\/media?parent=66727"}],"wp:term":[{"taxonomy":"category","embeddable":true,"href":"http:\/\/elurbanoweb.com.ar\/diario\/wp-json\/wp\/v2\/categories?post=66727"},{"taxonomy":"post_tag","embeddable":true,"href":"http:\/\/elurbanoweb.com.ar\/diario\/wp-json\/wp\/v2\/tags?post=66727"}],"curies":[{"name":"wp","href":"https:\/\/api.w.org\/{rel}","templated":true}]}}