{"id":66739,"date":"2026-02-25T09:05:26","date_gmt":"2026-02-25T12:05:26","guid":{"rendered":"https:\/\/elurbanoweb.com.ar\/diario\/?p=66739"},"modified":"2026-02-25T09:05:26","modified_gmt":"2026-02-25T12:05:26","slug":"sigue-abierta-la-inscripcion-para-las-primeras-jornadas-de-inteligencia-artificial-aplicada-a-la-educacion","status":"publish","type":"post","link":"http:\/\/elurbanoweb.com.ar\/diario\/sigue-abierta-la-inscripcion-para-las-primeras-jornadas-de-inteligencia-artificial-aplicada-a-la-educacion\/","title":{"rendered":"Sigue abierta la inscripci\u00f3n para las \u201cPrimeras Jornadas de Inteligencia Artificial Aplicada a la Educaci\u00f3n\u201d"},"content":{"rendered":"<p>Desde Santiago del Estero, Rep\u00fablica Argentina, se desarrollar\u00e1 este s\u00e1bado 28 de febrero, el segundo encuentro de la Primeras Jornadas de Inteligencia Artificial Aplicada a la Educaci\u00f3n de 9 a 12.30 hs., bajo el lema \u201cIncorpora la IA como una potencia creativa para el aula\u201d.<\/p>\n<p><img loading=\"lazy\" decoding=\"async\" class=\"alignnone wp-image-66740 size-full\" src=\"http:\/\/elurbanoweb.com.ar\/diario\/wp-content\/uploads\/2026\/02\/inteligencia0.png\" alt=\"\" width=\"925\" height=\"459\" srcset=\"http:\/\/elurbanoweb.com.ar\/diario\/wp-content\/uploads\/2026\/02\/inteligencia0.png 925w, http:\/\/elurbanoweb.com.ar\/diario\/wp-content\/uploads\/2026\/02\/inteligencia0-300x149.png 300w, http:\/\/elurbanoweb.com.ar\/diario\/wp-content\/uploads\/2026\/02\/inteligencia0-150x74.png 150w\" sizes=\"auto, (max-width: 925px) 100vw, 925px\" \/><\/p>\n<p><!--more--><\/p>\n<p>Con m\u00e1s de 2300 inscriptos de todo el pa\u00eds, lo que marca el \u00e9xito de las mismas, en este \u00faltimo encuentro los participantes podr\u00e1n ahondar en tem\u00e1ticas como: Canva AI (Magic Design): Creaci\u00f3n de materiales visuales impactantes en segundos; Gamma AI y Lumen5: Presentaciones y videos educativos interactivos y Napkin y MyMap.AI*: Visualizaci\u00f3n de ideas y pensamiento visual.<\/p>\n<p>Las mismas est\u00e1n organizada por la Asociaci\u00f3n Civil de Capacitaci\u00f3n y Trabajo para la Comunidad de Santiago del Estero y la Asociaci\u00f3n de Trabajadores de la Educaci\u00f3n de Santiago del Estero, y se realizan de manera virtual por el canal de YouTube de la Asociaci\u00f3n Civil Capacitaci\u00f3n y Trabajo.<\/p>\n<p>Las jornadas se encuentran enmarcadas dentro de las actividades anuales de las instituciones, con el prop\u00f3sito de generar un espacio de encuentro y reflexi\u00f3n cr\u00edtica de pol\u00edticas, investigaciones, dispositivos, saberes y pr\u00e1cticas, con miras a favorecer la construcci\u00f3n colectiva de respuestas ante el avance de la Inteligencia Artificial y su capacidad de redefinir los procesos cognitivos. Se busca construir colectivamente saberes que den respuesta a esta disrupci\u00f3n, no se trata solo de integrar herramientas, sino de repensar la mediaci\u00f3n pedag\u00f3gica en un escenario donde lo humano y lo algor\u00edtmico entran en un di\u00e1logo necesario y complejo.<\/p>\n<p>La irrupci\u00f3n de la Inteligencia Artificial Generativa marca un punto de inflexi\u00f3n epistemol\u00f3gico. No estamos ante un simple cambio de soporte, sino ante una reconfiguraci\u00f3n de la tr\u00edada pedag\u00f3gica (docente-alumno-saber). La IA no reemplaza el v\u00ednculo humano; por el contrario, nos obliga a volver a lo esencialmente humano: el pensamiento cr\u00edtico, la \u00e9tica del cuidado y la capacidad de preguntar.<\/p>\n<p>Este evento intensivo est\u00e1 dise\u00f1ado para que dejar de ver a la IA como una amenaza y pasar a convertirla en la mejor aliada pedag\u00f3gica y estar\u00e1 nuevamente a cargo del Dr. Alexis Zaballos, reconocido docente y especialista a nivel nacional e internacional.<\/p>\n<p>Este importante Evento Nacional est\u00e1 dirigido a docentes y profesionales de todas los niveles y \u00e1reas, investigadores, gestores de la educaci\u00f3n, decisores de pol\u00edticas p\u00fablicas, estudiantes, p\u00fablico en general y ser\u00e1 transmitido por el canal de YouTube de la Asociaci\u00f3n Civil de Capacitaci\u00f3n y Trabajo para la Comunidad de Santiago del Estero.<\/p>\n<p>Esta Capacitaci\u00f3n Nacional cuenta con el respaldo acad\u00e9mico de 10 Universidades Nacionales, lo que garantiza su VALIDEZ NACIONAL bajo el marco de la Ley N\u00b0 24.521 deben ser incorporadas en el legajo profesional dentro del apartado de Antecedentes Acad\u00e9micos o Formaci\u00f3n de Posgrado\/Extensi\u00f3n.<\/p>\n","protected":false},"excerpt":{"rendered":"<p>Desde Santiago del Estero, Rep\u00fablica Argentina, se desarrollar\u00e1 este s\u00e1bado 28 de febrero, el segundo encuentro de la Primeras Jornadas de Inteligencia Artificial Aplicada a la Educaci\u00f3n de 9 a&hellip; <\/p>\n","protected":false},"author":1,"featured_media":66740,"comment_status":"closed","ping_status":"closed","sticky":false,"template":"","format":"standard","meta":{"footnotes":""},"categories":[16],"tags":[],"class_list":["post-66739","post","type-post","status-publish","format-standard","has-post-thumbnail","hentry","category-locales"],"_links":{"self":[{"href":"http:\/\/elurbanoweb.com.ar\/diario\/wp-json\/wp\/v2\/posts\/66739","targetHints":{"allow":["GET"]}}],"collection":[{"href":"http:\/\/elurbanoweb.com.ar\/diario\/wp-json\/wp\/v2\/posts"}],"about":[{"href":"http:\/\/elurbanoweb.com.ar\/diario\/wp-json\/wp\/v2\/types\/post"}],"author":[{"embeddable":true,"href":"http:\/\/elurbanoweb.com.ar\/diario\/wp-json\/wp\/v2\/users\/1"}],"replies":[{"embeddable":true,"href":"http:\/\/elurbanoweb.com.ar\/diario\/wp-json\/wp\/v2\/comments?post=66739"}],"version-history":[{"count":1,"href":"http:\/\/elurbanoweb.com.ar\/diario\/wp-json\/wp\/v2\/posts\/66739\/revisions"}],"predecessor-version":[{"id":66741,"href":"http:\/\/elurbanoweb.com.ar\/diario\/wp-json\/wp\/v2\/posts\/66739\/revisions\/66741"}],"wp:featuredmedia":[{"embeddable":true,"href":"http:\/\/elurbanoweb.com.ar\/diario\/wp-json\/wp\/v2\/media\/66740"}],"wp:attachment":[{"href":"http:\/\/elurbanoweb.com.ar\/diario\/wp-json\/wp\/v2\/media?parent=66739"}],"wp:term":[{"taxonomy":"category","embeddable":true,"href":"http:\/\/elurbanoweb.com.ar\/diario\/wp-json\/wp\/v2\/categories?post=66739"},{"taxonomy":"post_tag","embeddable":true,"href":"http:\/\/elurbanoweb.com.ar\/diario\/wp-json\/wp\/v2\/tags?post=66739"}],"curies":[{"name":"wp","href":"https:\/\/api.w.org\/{rel}","templated":true}]}}