{"id":66742,"date":"2026-02-25T09:06:27","date_gmt":"2026-02-25T12:06:27","guid":{"rendered":"https:\/\/elurbanoweb.com.ar\/diario\/?p=66742"},"modified":"2026-02-25T09:06:27","modified_gmt":"2026-02-25T12:06:27","slug":"la-intendente-fuentes-recibio-en-el-salon-de-acuerdos-al-parroco-de-san-francisco-y-a-la-titular-del-museo-de-arte-sacro","status":"publish","type":"post","link":"http:\/\/elurbanoweb.com.ar\/diario\/la-intendente-fuentes-recibio-en-el-salon-de-acuerdos-al-parroco-de-san-francisco-y-a-la-titular-del-museo-de-arte-sacro\/","title":{"rendered":"La intendente Fuentes recibi\u00f3 en el Sal\u00f3n de Acuerdos al p\u00e1rroco de San Francisco y a la titular del Museo de Arte Sacro"},"content":{"rendered":"<p>La intendente de la ciudad capital Ing. Norma Fuentes, recibi\u00f3 en el Sal\u00f3n de Acuerdos al p\u00e1rroco de San Francisco, Fray Eduardo Zatti, y a la directora del Museo de Arte Sacro \u00abSan Francisco Solano\u00bb, F\u00e1tima Duarte.<\/p>\n<p><img loading=\"lazy\" decoding=\"async\" class=\"alignnone wp-image-66743 size-large\" src=\"http:\/\/elurbanoweb.com.ar\/diario\/wp-content\/uploads\/2026\/02\/sacro-1024x683.jpg\" alt=\"\" width=\"1024\" height=\"683\" srcset=\"http:\/\/elurbanoweb.com.ar\/diario\/wp-content\/uploads\/2026\/02\/sacro-1024x683.jpg 1024w, http:\/\/elurbanoweb.com.ar\/diario\/wp-content\/uploads\/2026\/02\/sacro-300x200.jpg 300w, http:\/\/elurbanoweb.com.ar\/diario\/wp-content\/uploads\/2026\/02\/sacro-150x100.jpg 150w, http:\/\/elurbanoweb.com.ar\/diario\/wp-content\/uploads\/2026\/02\/sacro.jpg 1392w\" sizes=\"auto, (max-width: 1024px) 100vw, 1024px\" \/><\/p>\n<p><!--more--> Durante el encuentro, dialogaron sobre los proyectos que tiene la instituci\u00f3n para el transcurso de este a\u00f1o. La actividad forma parte del trabajo articulado que mantiene el municipio con diversas entidades, asociaciones y organismos p\u00fablicos y privados.<\/p>\n<p>La Ing. Fuentes estuvo acompa\u00f1ada por el secretario de Gobierno, Walter Medina Salom\u00f3n, y por Arq. Rodolfo Legname.<\/p>\n","protected":false},"excerpt":{"rendered":"<p>La intendente de la ciudad capital Ing. Norma Fuentes, recibi\u00f3 en el Sal\u00f3n de Acuerdos al p\u00e1rroco de San Francisco, Fray Eduardo Zatti, y a la directora del Museo de&hellip; <\/p>\n","protected":false},"author":1,"featured_media":66743,"comment_status":"closed","ping_status":"closed","sticky":false,"template":"","format":"standard","meta":{"footnotes":""},"categories":[3],"tags":[],"class_list":["post-66742","post","type-post","status-publish","format-standard","has-post-thumbnail","hentry","category-municipio"],"_links":{"self":[{"href":"http:\/\/elurbanoweb.com.ar\/diario\/wp-json\/wp\/v2\/posts\/66742","targetHints":{"allow":["GET"]}}],"collection":[{"href":"http:\/\/elurbanoweb.com.ar\/diario\/wp-json\/wp\/v2\/posts"}],"about":[{"href":"http:\/\/elurbanoweb.com.ar\/diario\/wp-json\/wp\/v2\/types\/post"}],"author":[{"embeddable":true,"href":"http:\/\/elurbanoweb.com.ar\/diario\/wp-json\/wp\/v2\/users\/1"}],"replies":[{"embeddable":true,"href":"http:\/\/elurbanoweb.com.ar\/diario\/wp-json\/wp\/v2\/comments?post=66742"}],"version-history":[{"count":1,"href":"http:\/\/elurbanoweb.com.ar\/diario\/wp-json\/wp\/v2\/posts\/66742\/revisions"}],"predecessor-version":[{"id":66744,"href":"http:\/\/elurbanoweb.com.ar\/diario\/wp-json\/wp\/v2\/posts\/66742\/revisions\/66744"}],"wp:featuredmedia":[{"embeddable":true,"href":"http:\/\/elurbanoweb.com.ar\/diario\/wp-json\/wp\/v2\/media\/66743"}],"wp:attachment":[{"href":"http:\/\/elurbanoweb.com.ar\/diario\/wp-json\/wp\/v2\/media?parent=66742"}],"wp:term":[{"taxonomy":"category","embeddable":true,"href":"http:\/\/elurbanoweb.com.ar\/diario\/wp-json\/wp\/v2\/categories?post=66742"},{"taxonomy":"post_tag","embeddable":true,"href":"http:\/\/elurbanoweb.com.ar\/diario\/wp-json\/wp\/v2\/tags?post=66742"}],"curies":[{"name":"wp","href":"https:\/\/api.w.org\/{rel}","templated":true}]}}