{"id":66745,"date":"2026-02-26T08:44:24","date_gmt":"2026-02-26T11:44:24","guid":{"rendered":"https:\/\/elurbanoweb.com.ar\/diario\/?p=66745"},"modified":"2026-02-26T08:44:24","modified_gmt":"2026-02-26T11:44:24","slug":"firma-de-comodato-entre-el-ministerio-publico-fiscal-y-el-poder-judicial","status":"publish","type":"post","link":"http:\/\/elurbanoweb.com.ar\/diario\/firma-de-comodato-entre-el-ministerio-publico-fiscal-y-el-poder-judicial\/","title":{"rendered":"Firma de comodato entre el Ministerio P\u00fablico Fiscal y el Poder Judicial"},"content":{"rendered":"<p>El presidente del STJ y la fiscal general suscribieron el documento, para que se reciba un equipo de rayos X en la Morgue Judicial.<\/p>\n<p><img loading=\"lazy\" decoding=\"async\" class=\"alignnone wp-image-66746 size-full\" src=\"http:\/\/elurbanoweb.com.ar\/diario\/wp-content\/uploads\/2026\/02\/fiscal1.jpg\" alt=\"\" width=\"1010\" height=\"567\" srcset=\"http:\/\/elurbanoweb.com.ar\/diario\/wp-content\/uploads\/2026\/02\/fiscal1.jpg 1010w, http:\/\/elurbanoweb.com.ar\/diario\/wp-content\/uploads\/2026\/02\/fiscal1-300x168.jpg 300w, http:\/\/elurbanoweb.com.ar\/diario\/wp-content\/uploads\/2026\/02\/fiscal1-150x84.jpg 150w\" sizes=\"auto, (max-width: 1010px) 100vw, 1010px\" \/><\/p>\n<p><!--more--><\/p>\n<p>En la sede del Ministerio P\u00fablico Fiscal de Capital, se realiz\u00f3 ayer la firma de un contrato de comodato entre el Dr. Federico L\u00f3pez Alzogaray y la Dra. Olga Mariela Bitar de Papa, a ra\u00edz del que el Ministerio P\u00fablico Fiscal (MPF) entreg\u00f3 al Poder Judicial, a modo de pr\u00e9stamo de uso, un Equipo de Rayos X Rodante, 30 MA, 90 kV, marca REMS, para ser utilizado en la Morgue Judicial.<\/p>\n<p>Dicho convenio se celebr\u00f3 en un marco de cooperaci\u00f3n entre ambos organismos, con el objetivo de seguir trabajando de forma articulada, para el fortalecimiento del servicio de justicia.<\/p>\n<p>En tanto, hoy y en la Morgue Judicial, se efectu\u00f3 la entrega del Equipo de Rayos, en presencia del Dr. L\u00f3pez Alzogaray, la Dra. Bitar de Papa, el Dr. Horacio Alfano -m\u00e9dico forense- y del Dr. Horacio Heredia, a cargo del Laboratorio de Toxicolog\u00eda y Qu\u00edmica Legal del MPF.<\/p>\n<p>Luego, las autoridades realizaron un recorrido por las instalaciones de la Morgue, oportunidad en la que acordaron trabajar en conjunto para optimizar los espacios existentes, reacondicionar \u00e1reas espec\u00edficas y reactivar los sectores que sean necesarios para mejorar la operatividad de los servicios que brindan.<\/p>\n<p>Finalmente, visitaron el Laboratorio del MPF y el de Patolog\u00eda Forense del Poder Judicial. Tambi\u00e9n dialogaron con el personal acerca de las necesidades existentes en cada organismo.<\/p>\n","protected":false},"excerpt":{"rendered":"<p>El presidente del STJ y la fiscal general suscribieron el documento, para que se reciba un equipo de rayos X en la Morgue Judicial.<\/p>\n","protected":false},"author":1,"featured_media":66746,"comment_status":"closed","ping_status":"closed","sticky":false,"template":"","format":"standard","meta":{"footnotes":""},"categories":[16],"tags":[],"class_list":["post-66745","post","type-post","status-publish","format-standard","has-post-thumbnail","hentry","category-locales"],"_links":{"self":[{"href":"http:\/\/elurbanoweb.com.ar\/diario\/wp-json\/wp\/v2\/posts\/66745","targetHints":{"allow":["GET"]}}],"collection":[{"href":"http:\/\/elurbanoweb.com.ar\/diario\/wp-json\/wp\/v2\/posts"}],"about":[{"href":"http:\/\/elurbanoweb.com.ar\/diario\/wp-json\/wp\/v2\/types\/post"}],"author":[{"embeddable":true,"href":"http:\/\/elurbanoweb.com.ar\/diario\/wp-json\/wp\/v2\/users\/1"}],"replies":[{"embeddable":true,"href":"http:\/\/elurbanoweb.com.ar\/diario\/wp-json\/wp\/v2\/comments?post=66745"}],"version-history":[{"count":1,"href":"http:\/\/elurbanoweb.com.ar\/diario\/wp-json\/wp\/v2\/posts\/66745\/revisions"}],"predecessor-version":[{"id":66747,"href":"http:\/\/elurbanoweb.com.ar\/diario\/wp-json\/wp\/v2\/posts\/66745\/revisions\/66747"}],"wp:featuredmedia":[{"embeddable":true,"href":"http:\/\/elurbanoweb.com.ar\/diario\/wp-json\/wp\/v2\/media\/66746"}],"wp:attachment":[{"href":"http:\/\/elurbanoweb.com.ar\/diario\/wp-json\/wp\/v2\/media?parent=66745"}],"wp:term":[{"taxonomy":"category","embeddable":true,"href":"http:\/\/elurbanoweb.com.ar\/diario\/wp-json\/wp\/v2\/categories?post=66745"},{"taxonomy":"post_tag","embeddable":true,"href":"http:\/\/elurbanoweb.com.ar\/diario\/wp-json\/wp\/v2\/tags?post=66745"}],"curies":[{"name":"wp","href":"https:\/\/api.w.org\/{rel}","templated":true}]}}