{"id":66821,"date":"2026-02-27T09:57:08","date_gmt":"2026-02-27T12:57:08","guid":{"rendered":"https:\/\/elurbanoweb.com.ar\/diario\/?p=66821"},"modified":"2026-02-27T09:57:08","modified_gmt":"2026-02-27T12:57:08","slug":"gerardo-zamora-respaldo-en-el-senado-el-acuerdo-mercosur-union-europea-y-lo-definio-como-una-politica-clave-para-el-desarrollo","status":"publish","type":"post","link":"http:\/\/elurbanoweb.com.ar\/diario\/gerardo-zamora-respaldo-en-el-senado-el-acuerdo-mercosur-union-europea-y-lo-definio-como-una-politica-clave-para-el-desarrollo\/","title":{"rendered":"Gerardo Zamora respald\u00f3 en el Senado el acuerdo Mercosur-Uni\u00f3n Europea y lo defini\u00f3 como una pol\u00edtica clave para el desarrollo"},"content":{"rendered":"<p>El senador santiague\u00f1o fundament\u00f3 su voto afirmativo en la C\u00e1mara alta y sostuvo que el tratado representa una oportunidad hist\u00f3rica para la inserci\u00f3n internacional del pa\u00eds y el fortalecimiento de las econom\u00edas regionales.<\/p>\n<p><img loading=\"lazy\" decoding=\"async\" class=\"alignnone wp-image-66822 size-full\" src=\"http:\/\/elurbanoweb.com.ar\/diario\/wp-content\/uploads\/2026\/02\/mercosur.jpg\" alt=\"\" width=\"1010\" height=\"567\" srcset=\"http:\/\/elurbanoweb.com.ar\/diario\/wp-content\/uploads\/2026\/02\/mercosur.jpg 1010w, http:\/\/elurbanoweb.com.ar\/diario\/wp-content\/uploads\/2026\/02\/mercosur-300x168.jpg 300w, http:\/\/elurbanoweb.com.ar\/diario\/wp-content\/uploads\/2026\/02\/mercosur-150x84.jpg 150w\" sizes=\"auto, (max-width: 1010px) 100vw, 1010px\" \/><\/p>\n<p><!--more--><\/p>\n<p>En una jornada decisiva en el Senado, el legislador por Santiago del Estero, Gerardo Zamora, fundament\u00f3 su acompa\u00f1amiento a la ratificaci\u00f3n del Acuerdo de Asociaci\u00f3n Estrat\u00e9gica entre el Mercosur y la Uni\u00f3n Europea, al que consider\u00f3 un avance trascendental para el posicionamiento del pa\u00eds en el escenario global.<\/p>\n<p>Durante su exposici\u00f3n en el recinto, sostuvo que el entendimiento no responde a una coyuntura pol\u00edtica determinada, sino que es el resultado de un proceso sostenido en el tiempo por distintas administraciones. En ese sentido, remarc\u00f3 que la continuidad institucional y el consenso alcanzado en torno al tratado fortalecen la credibilidad argentina frente a uno de los bloques econ\u00f3micos m\u00e1s influyentes del mundo.<\/p>\n<p>Impulso para las econom\u00edas regionales<\/p>\n<p>Zamora puso el foco en las oportunidades que el acuerdo puede generar tanto a nivel nacional como para las provincias. Se\u00f1al\u00f3 que la apertura de nuevos mercados, la posibilidad de captar inversiones y la ampliaci\u00f3n de la matriz productiva son aspectos centrales de esta nueva etapa.<\/p>\n<p>En esa l\u00ednea, expres\u00f3 que el pa\u00eds tiene ante s\u00ed una instancia significativa para profundizar su integraci\u00f3n comercial y potenciar el desarrollo de las econom\u00edas regionales. Adem\u00e1s, vincul\u00f3 la iniciativa con una visi\u00f3n de federalismo activo, orientado a conectar las capacidades productivas del interior con el comercio internacional.<\/p>\n<p>Con su voto afirmativo, el senador reafirm\u00f3 su postura favorable a una estrategia de inserci\u00f3n global que, seg\u00fan indic\u00f3, puede traducirse en crecimiento y mayores oportunidades para Santiago del Estero y el conjunto del pa\u00eds.<\/p>\n","protected":false},"excerpt":{"rendered":"<p>El senador santiague\u00f1o fundament\u00f3 su voto afirmativo en la C\u00e1mara alta y sostuvo que el tratado representa una oportunidad hist\u00f3rica para la inserci\u00f3n internacional del pa\u00eds y el fortalecimiento de&hellip; <\/p>\n","protected":false},"author":1,"featured_media":66822,"comment_status":"closed","ping_status":"closed","sticky":false,"template":"","format":"standard","meta":{"footnotes":""},"categories":[2],"tags":[],"class_list":["post-66821","post","type-post","status-publish","format-standard","has-post-thumbnail","hentry","category-gobierno"],"_links":{"self":[{"href":"http:\/\/elurbanoweb.com.ar\/diario\/wp-json\/wp\/v2\/posts\/66821","targetHints":{"allow":["GET"]}}],"collection":[{"href":"http:\/\/elurbanoweb.com.ar\/diario\/wp-json\/wp\/v2\/posts"}],"about":[{"href":"http:\/\/elurbanoweb.com.ar\/diario\/wp-json\/wp\/v2\/types\/post"}],"author":[{"embeddable":true,"href":"http:\/\/elurbanoweb.com.ar\/diario\/wp-json\/wp\/v2\/users\/1"}],"replies":[{"embeddable":true,"href":"http:\/\/elurbanoweb.com.ar\/diario\/wp-json\/wp\/v2\/comments?post=66821"}],"version-history":[{"count":1,"href":"http:\/\/elurbanoweb.com.ar\/diario\/wp-json\/wp\/v2\/posts\/66821\/revisions"}],"predecessor-version":[{"id":66823,"href":"http:\/\/elurbanoweb.com.ar\/diario\/wp-json\/wp\/v2\/posts\/66821\/revisions\/66823"}],"wp:featuredmedia":[{"embeddable":true,"href":"http:\/\/elurbanoweb.com.ar\/diario\/wp-json\/wp\/v2\/media\/66822"}],"wp:attachment":[{"href":"http:\/\/elurbanoweb.com.ar\/diario\/wp-json\/wp\/v2\/media?parent=66821"}],"wp:term":[{"taxonomy":"category","embeddable":true,"href":"http:\/\/elurbanoweb.com.ar\/diario\/wp-json\/wp\/v2\/categories?post=66821"},{"taxonomy":"post_tag","embeddable":true,"href":"http:\/\/elurbanoweb.com.ar\/diario\/wp-json\/wp\/v2\/tags?post=66821"}],"curies":[{"name":"wp","href":"https:\/\/api.w.org\/{rel}","templated":true}]}}