{"id":66835,"date":"2026-02-27T11:17:45","date_gmt":"2026-02-27T14:17:45","guid":{"rendered":"https:\/\/elurbanoweb.com.ar\/diario\/?p=66835"},"modified":"2026-02-27T11:17:45","modified_gmt":"2026-02-27T14:17:45","slug":"trece-localidades-se-suman-al-programa-santiago-crece-con-vos","status":"publish","type":"post","link":"http:\/\/elurbanoweb.com.ar\/diario\/trece-localidades-se-suman-al-programa-santiago-crece-con-vos\/","title":{"rendered":"Trece localidades se suman al programa Santiago Crece con Vos"},"content":{"rendered":"<p>As\u00ed lo anunci\u00f3 acompa\u00f1ada por el gobernador El\u00edas Su\u00e1rez la ministra de Educaci\u00f3n Mariela Nassif, durante un acto que tuvo lugar este viernes en el F\u00f3rum.<\/p>\n<p><img loading=\"lazy\" decoding=\"async\" class=\"alignnone wp-image-66836 size-full\" src=\"http:\/\/elurbanoweb.com.ar\/diario\/wp-content\/uploads\/2026\/02\/trece.jpg\" alt=\"\" width=\"1010\" height=\"567\" srcset=\"http:\/\/elurbanoweb.com.ar\/diario\/wp-content\/uploads\/2026\/02\/trece.jpg 1010w, http:\/\/elurbanoweb.com.ar\/diario\/wp-content\/uploads\/2026\/02\/trece-300x168.jpg 300w, http:\/\/elurbanoweb.com.ar\/diario\/wp-content\/uploads\/2026\/02\/trece-150x84.jpg 150w\" sizes=\"auto, (max-width: 1010px) 100vw, 1010px\" \/><\/p>\n<p><!--more--><\/p>\n<p>Este viernes, el gobernador El\u00edas Su\u00e1rez junto a la ministra de Educaci\u00f3n Mariela Nassif y los rectores de las universidades Nacional y Cat\u00f3lica, encabezaron un acto en el F\u00f3rum durante el cual se anunci\u00f3 la ampliaci\u00f3n del programa Santiago Crece con Vos a trece localidades del interior de la provincia, entre ellas Sumampa, Suncho Corral, Loreto, Selva, Clodomira, Quimil\u00ed, Ojo de Agua, Sol de Julio, Pozuelos, Pozo Hondo y \u00c1rraga.<\/p>\n<p>El gobernador indic\u00f3 que consider\u00f3 \u00abimportante acompa\u00f1ar este momento en el que se amplia el cupo de un programa estrat\u00e9gico y fundamental que implica darle la oportunidad a nuestros j\u00f3venes, que demandaban una oportunidad y era obligaci\u00f3n del Estado d\u00e1rselas\u00bb.<\/p>\n<p>Agreg\u00f3: \u00abSe puso este programa a consideraci\u00f3n de la sociedad, y se hizo conjuntamente con las universidades con una gran respuesta de los equipos de trabajo de las \u00e1reas de Educaci\u00f3n, logramos una propuesta sumamente interesante, con cursos en toda la provincia, no solo en las ciudades m\u00e1s densamente pobladas\u00bb.<\/p>\n<p>\u00abDebemos llegar a toda la provincia con igualdad de oportunidades. Esto muestra nuestra vocaci\u00f3n por acompa\u00f1ar a quienes hoy est\u00e1n demandando un derecho que es la capacitaci\u00f3n. Lo hacemos con un sentido federal, miramos hacia el futuro con un programa muy din\u00e1mico y vamos a seguir poniendo los cursos m\u00e1s requeridos como oferta y vamos a seguir teniendo en cuenta las ciudades que lo requieran, ese es el desaf\u00edo ser eficientes a la hora de gestionar\u00bb.<\/p>\n","protected":false},"excerpt":{"rendered":"<p>As\u00ed lo anunci\u00f3 acompa\u00f1ada por el gobernador El\u00edas Su\u00e1rez la ministra de Educaci\u00f3n Mariela Nassif, durante un acto que tuvo lugar este viernes en el F\u00f3rum.<\/p>\n","protected":false},"author":1,"featured_media":66836,"comment_status":"closed","ping_status":"closed","sticky":false,"template":"","format":"standard","meta":{"footnotes":""},"categories":[10,16],"tags":[],"class_list":["post-66835","post","type-post","status-publish","format-standard","has-post-thumbnail","hentry","category-interior","category-locales"],"_links":{"self":[{"href":"http:\/\/elurbanoweb.com.ar\/diario\/wp-json\/wp\/v2\/posts\/66835","targetHints":{"allow":["GET"]}}],"collection":[{"href":"http:\/\/elurbanoweb.com.ar\/diario\/wp-json\/wp\/v2\/posts"}],"about":[{"href":"http:\/\/elurbanoweb.com.ar\/diario\/wp-json\/wp\/v2\/types\/post"}],"author":[{"embeddable":true,"href":"http:\/\/elurbanoweb.com.ar\/diario\/wp-json\/wp\/v2\/users\/1"}],"replies":[{"embeddable":true,"href":"http:\/\/elurbanoweb.com.ar\/diario\/wp-json\/wp\/v2\/comments?post=66835"}],"version-history":[{"count":1,"href":"http:\/\/elurbanoweb.com.ar\/diario\/wp-json\/wp\/v2\/posts\/66835\/revisions"}],"predecessor-version":[{"id":66837,"href":"http:\/\/elurbanoweb.com.ar\/diario\/wp-json\/wp\/v2\/posts\/66835\/revisions\/66837"}],"wp:featuredmedia":[{"embeddable":true,"href":"http:\/\/elurbanoweb.com.ar\/diario\/wp-json\/wp\/v2\/media\/66836"}],"wp:attachment":[{"href":"http:\/\/elurbanoweb.com.ar\/diario\/wp-json\/wp\/v2\/media?parent=66835"}],"wp:term":[{"taxonomy":"category","embeddable":true,"href":"http:\/\/elurbanoweb.com.ar\/diario\/wp-json\/wp\/v2\/categories?post=66835"},{"taxonomy":"post_tag","embeddable":true,"href":"http:\/\/elurbanoweb.com.ar\/diario\/wp-json\/wp\/v2\/tags?post=66835"}],"curies":[{"name":"wp","href":"https:\/\/api.w.org\/{rel}","templated":true}]}}