{"id":66842,"date":"2026-02-28T09:35:46","date_gmt":"2026-02-28T12:35:46","guid":{"rendered":"https:\/\/elurbanoweb.com.ar\/diario\/?p=66842"},"modified":"2026-02-28T09:35:46","modified_gmt":"2026-02-28T12:35:46","slug":"el-festival-nacional-del-artesano-lleno-de-color-y-musica-a-villa-ojo-de-agua-en-su-29a-edicion","status":"publish","type":"post","link":"http:\/\/elurbanoweb.com.ar\/diario\/el-festival-nacional-del-artesano-lleno-de-color-y-musica-a-villa-ojo-de-agua-en-su-29a-edicion\/","title":{"rendered":"El Festival Nacional del Artesano llen\u00f3 de color y m\u00fasica a Villa Ojo de Agua en su 29\u00aa edici\u00f3n"},"content":{"rendered":"<p>Con una grilla de primer nivel, m\u00e1s de 90 artesanos y miles de personas colmando el predio del Club Instituto, la ciudad vive dos jornadas a puro folclore y compromiso social, en beneficio de 22 cooperadoras escolares.<\/p>\n<p><img loading=\"lazy\" decoding=\"async\" class=\"alignnone wp-image-66843 size-full\" src=\"http:\/\/elurbanoweb.com.ar\/diario\/wp-content\/uploads\/2026\/02\/color0.jpg\" alt=\"\" width=\"1010\" height=\"567\" srcset=\"http:\/\/elurbanoweb.com.ar\/diario\/wp-content\/uploads\/2026\/02\/color0.jpg 1010w, http:\/\/elurbanoweb.com.ar\/diario\/wp-content\/uploads\/2026\/02\/color0-300x168.jpg 300w, http:\/\/elurbanoweb.com.ar\/diario\/wp-content\/uploads\/2026\/02\/color0-150x84.jpg 150w\" sizes=\"auto, (max-width: 1010px) 100vw, 1010px\" \/><\/p>\n<p><!--more--><\/p>\n<p>La ciudad de Villa Ojo de Agua vive una verdadera fiesta popular con la 29\u00aa edici\u00f3n del Festival Nacional del Artesano \u201cPor los Ni\u00f1os\u201d, un encuentro cultural que combina m\u00fasica, tradici\u00f3n y un fuerte esp\u00edritu solidario.<\/p>\n<p>Desde temprano, el predio del Club Atl\u00e9tico Instituto comenz\u00f3 a recibir a familias enteras, grupos de amigos y visitantes de distintos puntos de la provincia y el pa\u00eds. Banderas, sombreros, pa\u00f1uelos, bombos y remeras festivaleras le dieron un marco vibrante a una de las celebraciones m\u00e1s esperadas del calendario.<\/p>\n","protected":false},"excerpt":{"rendered":"<p>Con una grilla de primer nivel, m\u00e1s de 90 artesanos y miles de personas colmando el predio del Club Instituto, la ciudad vive dos jornadas a puro folclore y compromiso&hellip; <\/p>\n","protected":false},"author":1,"featured_media":66843,"comment_status":"closed","ping_status":"closed","sticky":false,"template":"","format":"standard","meta":{"footnotes":""},"categories":[10],"tags":[],"class_list":["post-66842","post","type-post","status-publish","format-standard","has-post-thumbnail","hentry","category-interior"],"_links":{"self":[{"href":"http:\/\/elurbanoweb.com.ar\/diario\/wp-json\/wp\/v2\/posts\/66842","targetHints":{"allow":["GET"]}}],"collection":[{"href":"http:\/\/elurbanoweb.com.ar\/diario\/wp-json\/wp\/v2\/posts"}],"about":[{"href":"http:\/\/elurbanoweb.com.ar\/diario\/wp-json\/wp\/v2\/types\/post"}],"author":[{"embeddable":true,"href":"http:\/\/elurbanoweb.com.ar\/diario\/wp-json\/wp\/v2\/users\/1"}],"replies":[{"embeddable":true,"href":"http:\/\/elurbanoweb.com.ar\/diario\/wp-json\/wp\/v2\/comments?post=66842"}],"version-history":[{"count":1,"href":"http:\/\/elurbanoweb.com.ar\/diario\/wp-json\/wp\/v2\/posts\/66842\/revisions"}],"predecessor-version":[{"id":66844,"href":"http:\/\/elurbanoweb.com.ar\/diario\/wp-json\/wp\/v2\/posts\/66842\/revisions\/66844"}],"wp:featuredmedia":[{"embeddable":true,"href":"http:\/\/elurbanoweb.com.ar\/diario\/wp-json\/wp\/v2\/media\/66843"}],"wp:attachment":[{"href":"http:\/\/elurbanoweb.com.ar\/diario\/wp-json\/wp\/v2\/media?parent=66842"}],"wp:term":[{"taxonomy":"category","embeddable":true,"href":"http:\/\/elurbanoweb.com.ar\/diario\/wp-json\/wp\/v2\/categories?post=66842"},{"taxonomy":"post_tag","embeddable":true,"href":"http:\/\/elurbanoweb.com.ar\/diario\/wp-json\/wp\/v2\/tags?post=66842"}],"curies":[{"name":"wp","href":"https:\/\/api.w.org\/{rel}","templated":true}]}}