{"id":66883,"date":"2026-03-01T10:03:39","date_gmt":"2026-03-01T13:03:39","guid":{"rendered":"https:\/\/elurbanoweb.com.ar\/diario\/?p=66883"},"modified":"2026-03-01T10:03:39","modified_gmt":"2026-03-01T13:03:39","slug":"luisa-paz-celebro-el-triunfo-de-belen-es-el-broche-de-oro-para-un-trabajo-espectacular-de-muchas-mujeres","status":"publish","type":"post","link":"http:\/\/elurbanoweb.com.ar\/diario\/luisa-paz-celebro-el-triunfo-de-belen-es-el-broche-de-oro-para-un-trabajo-espectacular-de-muchas-mujeres\/","title":{"rendered":"Luisa Paz celebr\u00f3 el triunfo de \u201cBel\u00e9n\u201d: \u201cEs el broche de oro para un trabajo espectacular de muchas mujeres\u201d"},"content":{"rendered":"<p>La actriz y activista santiague\u00f1a, que forma parte del elenco del film premiado en Barcelona, destac\u00f3 la importancia de este \u201cbroche de oro\u201d. Adem\u00e1s, advirti\u00f3 sobre el \u201cdesguace\u201d en el pa\u00eds: \u201cVa a llegar el momento donde los retrocesos nos van a afectar a todos\u201d.<\/p>\n<p><img loading=\"lazy\" decoding=\"async\" class=\"alignnone wp-image-66884 size-large\" src=\"http:\/\/elurbanoweb.com.ar\/diario\/wp-content\/uploads\/2026\/03\/luisa2-1024x576.jpeg\" alt=\"\" width=\"1024\" height=\"576\" srcset=\"http:\/\/elurbanoweb.com.ar\/diario\/wp-content\/uploads\/2026\/03\/luisa2-1024x576.jpeg 1024w, http:\/\/elurbanoweb.com.ar\/diario\/wp-content\/uploads\/2026\/03\/luisa2-300x169.jpeg 300w, http:\/\/elurbanoweb.com.ar\/diario\/wp-content\/uploads\/2026\/03\/luisa2-150x84.jpeg 150w, http:\/\/elurbanoweb.com.ar\/diario\/wp-content\/uploads\/2026\/03\/luisa2.jpeg 1280w\" sizes=\"auto, (max-width: 1024px) 100vw, 1024px\" \/><\/p>\n<p><!--more--><\/p>\n<p>La consagraci\u00f3n de \u201cBel\u00e9n\u201d como Mejor Pel\u00edcula Iberoamericana en los Premios Goya 2026 tuvo un eco especial en tierras santiague\u00f1as. Luisa Paz, reconocida actriz trans y activista por los derechos LGBTIQ+ de nuestra provincia, expres\u00f3 en exclusiva para INFO DEL ESTERO su inmensa alegr\u00eda por el galard\u00f3n, al cual defini\u00f3 como una \u201creivindicaci\u00f3n\u201d necesaria tras haber quedado fuera de la carrera por los Oscar.<\/p>\n<p>Para Luisa, este Goya no es solo una estatuilla, sino un reconocimiento al trabajo de un equipo liderado mayoritariamente por mujeres. \u201cCreo que este premio reivindica lo otro (la ausencia en los Oscar). Demuestra la gran tarea que hicieron Dolores, Letty, Laura Paredes y tantas mujeres involucradas. Es el broche de oro para un trabajo espectacular de muchas mujeres y del que fui parte\u201d, afirm\u00f3 con orgullo la santiague\u00f1a.<\/p>\n<p>Paz tambi\u00e9n record\u00f3 el apoyo internacional que recibi\u00f3 la pel\u00edcula, mencionando la repercusi\u00f3n de figuras como la estadounidense Susan Sarandon, quien se volvi\u00f3 una aliada clave de Fonzi en la denuncia contra la desigualdad de g\u00e9nero en la direcci\u00f3n cinematogr\u00e1fica.<\/p>\n","protected":false},"excerpt":{"rendered":"<p>La actriz y activista santiague\u00f1a, que forma parte del elenco del film premiado en Barcelona, destac\u00f3 la importancia de este \u201cbroche de oro\u201d. Adem\u00e1s, advirti\u00f3 sobre el \u201cdesguace\u201d en el&hellip; <\/p>\n","protected":false},"author":1,"featured_media":66884,"comment_status":"closed","ping_status":"closed","sticky":false,"template":"","format":"standard","meta":{"footnotes":""},"categories":[16],"tags":[],"class_list":["post-66883","post","type-post","status-publish","format-standard","has-post-thumbnail","hentry","category-locales"],"_links":{"self":[{"href":"http:\/\/elurbanoweb.com.ar\/diario\/wp-json\/wp\/v2\/posts\/66883","targetHints":{"allow":["GET"]}}],"collection":[{"href":"http:\/\/elurbanoweb.com.ar\/diario\/wp-json\/wp\/v2\/posts"}],"about":[{"href":"http:\/\/elurbanoweb.com.ar\/diario\/wp-json\/wp\/v2\/types\/post"}],"author":[{"embeddable":true,"href":"http:\/\/elurbanoweb.com.ar\/diario\/wp-json\/wp\/v2\/users\/1"}],"replies":[{"embeddable":true,"href":"http:\/\/elurbanoweb.com.ar\/diario\/wp-json\/wp\/v2\/comments?post=66883"}],"version-history":[{"count":1,"href":"http:\/\/elurbanoweb.com.ar\/diario\/wp-json\/wp\/v2\/posts\/66883\/revisions"}],"predecessor-version":[{"id":66885,"href":"http:\/\/elurbanoweb.com.ar\/diario\/wp-json\/wp\/v2\/posts\/66883\/revisions\/66885"}],"wp:featuredmedia":[{"embeddable":true,"href":"http:\/\/elurbanoweb.com.ar\/diario\/wp-json\/wp\/v2\/media\/66884"}],"wp:attachment":[{"href":"http:\/\/elurbanoweb.com.ar\/diario\/wp-json\/wp\/v2\/media?parent=66883"}],"wp:term":[{"taxonomy":"category","embeddable":true,"href":"http:\/\/elurbanoweb.com.ar\/diario\/wp-json\/wp\/v2\/categories?post=66883"},{"taxonomy":"post_tag","embeddable":true,"href":"http:\/\/elurbanoweb.com.ar\/diario\/wp-json\/wp\/v2\/tags?post=66883"}],"curies":[{"name":"wp","href":"https:\/\/api.w.org\/{rel}","templated":true}]}}