{"id":66886,"date":"2026-03-01T10:06:36","date_gmt":"2026-03-01T13:06:36","guid":{"rendered":"https:\/\/elurbanoweb.com.ar\/diario\/?p=66886"},"modified":"2026-03-01T10:06:36","modified_gmt":"2026-03-01T13:06:36","slug":"siete-pacientes-fueron-intervenidos-en-el-marco-del-programa-quirurgico-itinerante-en-pinto","status":"publish","type":"post","link":"http:\/\/elurbanoweb.com.ar\/diario\/siete-pacientes-fueron-intervenidos-en-el-marco-del-programa-quirurgico-itinerante-en-pinto\/","title":{"rendered":"Siete pacientes fueron intervenidos en el marco del \u201cPrograma Quir\u00fargico Itinerante\u201d en Pinto"},"content":{"rendered":"<p>El Dr. Emanuel Olivera, director del Hospital Zonal \u201cDr. Francisco Calise\u201d de Pinto, inform\u00f3 sobre una nueva e intensa jornada de cirug\u00edas por videolaparoscop\u00eda realizadas en el marco del Programa Quir\u00fargico Itinerante del Interior.<\/p>\n<p><img loading=\"lazy\" decoding=\"async\" class=\"alignnone wp-image-66887 size-large\" src=\"http:\/\/elurbanoweb.com.ar\/diario\/wp-content\/uploads\/2026\/03\/siete1-1024x768.jpeg\" alt=\"\" width=\"1024\" height=\"768\" srcset=\"http:\/\/elurbanoweb.com.ar\/diario\/wp-content\/uploads\/2026\/03\/siete1-1024x768.jpeg 1024w, http:\/\/elurbanoweb.com.ar\/diario\/wp-content\/uploads\/2026\/03\/siete1-300x225.jpeg 300w, http:\/\/elurbanoweb.com.ar\/diario\/wp-content\/uploads\/2026\/03\/siete1-150x113.jpeg 150w, http:\/\/elurbanoweb.com.ar\/diario\/wp-content\/uploads\/2026\/03\/siete1.jpeg 1280w\" sizes=\"auto, (max-width: 1024px) 100vw, 1024px\" \/><\/p>\n<p><!--more--><\/p>\n<p>En esta oportunidad, fueron intervenidos siete pacientes con distintos diagn\u00f3sticos: eventraci\u00f3n (hernia desarrollada a partir de una cicatriz quir\u00fargica), colecistitis, hernia inguinal y hemorroides. Los pacientes son residentes de la ciudad de Pinto y de localidades cercanas como Malbr\u00e1n y Real Sayana.<\/p>\n<p>El equipo m\u00e9dico estuvo integrado por los cirujanos Dr. Maximiliano Del Pino y Dr. Mat\u00edas Casta\u00f1o; el m\u00e9dico anestesi\u00f3logo Dr. Sergio Santill\u00e1n; las instrumentadoras quir\u00fargicas Noelia Gramajo y Andrea B\u00e1ez; las t\u00e9cnicas radi\u00f3logas Mar\u00eda Jos\u00e9 Gramaglia e Ivana Artaza; y el personal de maestranza Edith Ricarte y Sandra Montenegro.<\/p>\n<p>El Dr. Olivera explic\u00f3 que todos los pacientes contaban previamente con diagn\u00f3stico cl\u00ednico e indicaci\u00f3n quir\u00fargica, adem\u00e1s de haber completado los estudios complementarios en el propio hospital, incluyendo pr\u00e1cticas en el servicio de im\u00e1genes como ecograf\u00edas y tomograf\u00edas (TAC), as\u00ed como las correspondientes valoraciones prequir\u00fargicas: cardiol\u00f3gicas, an\u00e1lisis de laboratorio bioqu\u00edmico y electrocardiogramas.<\/p>\n<p>Asimismo, destac\u00f3 que junto a la coordinadora m\u00e9dica del Hospital Zonal, Dra. Ornella Ru\u00edz, se realizaron teleconsultas con los cirujanos y se mantuvo una articulaci\u00f3n constante con las \u00e1reas centrales del Ministerio de Salud provincial. En ese sentido, mencion\u00f3 el acompa\u00f1amiento de la Dra. Graciela Alzogaray, directora del Interior; del coordinador general del Ministerio, contador Norberto Zanni; y el permanente respaldo del secretario de Salud, Dr. Gustavo Sabalza, y de la ministra de Salud, Lic. Natividad Nassif.<\/p>\n<p>La jornada reafirma el compromiso del sistema sanitario provincial de acercar cirug\u00edas de mediana y alta complejidad al interior, evitando traslados y garantizando acceso a la salud en cada localidad.<\/p>\n","protected":false},"excerpt":{"rendered":"<p>El Dr. Emanuel Olivera, director del Hospital Zonal \u201cDr. Francisco Calise\u201d de Pinto, inform\u00f3 sobre una nueva e intensa jornada de cirug\u00edas por videolaparoscop\u00eda realizadas en el marco del Programa&hellip; <\/p>\n","protected":false},"author":1,"featured_media":66887,"comment_status":"closed","ping_status":"closed","sticky":false,"template":"","format":"standard","meta":{"footnotes":""},"categories":[10],"tags":[],"class_list":["post-66886","post","type-post","status-publish","format-standard","has-post-thumbnail","hentry","category-interior"],"_links":{"self":[{"href":"http:\/\/elurbanoweb.com.ar\/diario\/wp-json\/wp\/v2\/posts\/66886","targetHints":{"allow":["GET"]}}],"collection":[{"href":"http:\/\/elurbanoweb.com.ar\/diario\/wp-json\/wp\/v2\/posts"}],"about":[{"href":"http:\/\/elurbanoweb.com.ar\/diario\/wp-json\/wp\/v2\/types\/post"}],"author":[{"embeddable":true,"href":"http:\/\/elurbanoweb.com.ar\/diario\/wp-json\/wp\/v2\/users\/1"}],"replies":[{"embeddable":true,"href":"http:\/\/elurbanoweb.com.ar\/diario\/wp-json\/wp\/v2\/comments?post=66886"}],"version-history":[{"count":1,"href":"http:\/\/elurbanoweb.com.ar\/diario\/wp-json\/wp\/v2\/posts\/66886\/revisions"}],"predecessor-version":[{"id":66888,"href":"http:\/\/elurbanoweb.com.ar\/diario\/wp-json\/wp\/v2\/posts\/66886\/revisions\/66888"}],"wp:featuredmedia":[{"embeddable":true,"href":"http:\/\/elurbanoweb.com.ar\/diario\/wp-json\/wp\/v2\/media\/66887"}],"wp:attachment":[{"href":"http:\/\/elurbanoweb.com.ar\/diario\/wp-json\/wp\/v2\/media?parent=66886"}],"wp:term":[{"taxonomy":"category","embeddable":true,"href":"http:\/\/elurbanoweb.com.ar\/diario\/wp-json\/wp\/v2\/categories?post=66886"},{"taxonomy":"post_tag","embeddable":true,"href":"http:\/\/elurbanoweb.com.ar\/diario\/wp-json\/wp\/v2\/tags?post=66886"}],"curies":[{"name":"wp","href":"https:\/\/api.w.org\/{rel}","templated":true}]}}