{"id":66898,"date":"2026-03-01T10:16:54","date_gmt":"2026-03-01T13:16:54","guid":{"rendered":"https:\/\/elurbanoweb.com.ar\/diario\/?p=66898"},"modified":"2026-03-01T10:16:54","modified_gmt":"2026-03-01T13:16:54","slug":"asisten-a-familias-de-la-candelaria-por-la-crecida-del-rio-salado","status":"publish","type":"post","link":"http:\/\/elurbanoweb.com.ar\/diario\/asisten-a-familias-de-la-candelaria-por-la-crecida-del-rio-salado\/","title":{"rendered":"Asisten a familias de La Candelaria por la crecida del R\u00edo Salado"},"content":{"rendered":"<p>El desborde del R\u00edo Salado contin\u00faa generando complicaciones en el norte provincial. En la localidad de La Candelaria, departamento Copo, el Gobierno de la Provincia mantiene un operativo activo para asistir a las familias afectadas por el avance del agua.<\/p>\n<p><img loading=\"lazy\" decoding=\"async\" class=\"alignnone wp-image-66899 size-large\" src=\"http:\/\/elurbanoweb.com.ar\/diario\/wp-content\/uploads\/2026\/03\/asisten3-1024x768.jpg\" alt=\"\" width=\"1024\" height=\"768\" srcset=\"http:\/\/elurbanoweb.com.ar\/diario\/wp-content\/uploads\/2026\/03\/asisten3-1024x768.jpg 1024w, http:\/\/elurbanoweb.com.ar\/diario\/wp-content\/uploads\/2026\/03\/asisten3-300x225.jpg 300w, http:\/\/elurbanoweb.com.ar\/diario\/wp-content\/uploads\/2026\/03\/asisten3-150x113.jpg 150w, http:\/\/elurbanoweb.com.ar\/diario\/wp-content\/uploads\/2026\/03\/asisten3.jpg 1280w\" sizes=\"auto, (max-width: 1024px) 100vw, 1024px\" \/><\/p>\n<p><!--more--><\/p>\n<p>Bajo la coordinaci\u00f3n de Defensa Civil y la Subsecretar\u00eda de Desarrollo Social, se realiz\u00f3 un relevamiento territorial que alcanz\u00f3 a diez familias damnificadas. El operativo no solo incluy\u00f3 la entrega de asistencia directa y contenci\u00f3n social, sino tambi\u00e9n el traslado preventivo de vecinos en zonas de alto riesgo.<\/p>\n<p>Desde los organismos oficiales destacaron que la prioridad absoluta son los ni\u00f1os, ni\u00f1as y adultos mayores. El trabajo se realiza en conjunto con las comisiones municipales de la regi\u00f3n para monitorear el comportamiento del r\u00edo y garantizar la seguridad de los pobladores rurales ante la persistente emergencia h\u00eddrica.<\/p>\n","protected":false},"excerpt":{"rendered":"<p>El desborde del R\u00edo Salado contin\u00faa generando complicaciones en el norte provincial. En la localidad de La Candelaria, departamento Copo, el Gobierno de la Provincia mantiene un operativo activo para&hellip; <\/p>\n","protected":false},"author":1,"featured_media":66899,"comment_status":"closed","ping_status":"closed","sticky":false,"template":"","format":"standard","meta":{"footnotes":""},"categories":[10],"tags":[],"class_list":["post-66898","post","type-post","status-publish","format-standard","has-post-thumbnail","hentry","category-interior"],"_links":{"self":[{"href":"http:\/\/elurbanoweb.com.ar\/diario\/wp-json\/wp\/v2\/posts\/66898","targetHints":{"allow":["GET"]}}],"collection":[{"href":"http:\/\/elurbanoweb.com.ar\/diario\/wp-json\/wp\/v2\/posts"}],"about":[{"href":"http:\/\/elurbanoweb.com.ar\/diario\/wp-json\/wp\/v2\/types\/post"}],"author":[{"embeddable":true,"href":"http:\/\/elurbanoweb.com.ar\/diario\/wp-json\/wp\/v2\/users\/1"}],"replies":[{"embeddable":true,"href":"http:\/\/elurbanoweb.com.ar\/diario\/wp-json\/wp\/v2\/comments?post=66898"}],"version-history":[{"count":1,"href":"http:\/\/elurbanoweb.com.ar\/diario\/wp-json\/wp\/v2\/posts\/66898\/revisions"}],"predecessor-version":[{"id":66900,"href":"http:\/\/elurbanoweb.com.ar\/diario\/wp-json\/wp\/v2\/posts\/66898\/revisions\/66900"}],"wp:featuredmedia":[{"embeddable":true,"href":"http:\/\/elurbanoweb.com.ar\/diario\/wp-json\/wp\/v2\/media\/66899"}],"wp:attachment":[{"href":"http:\/\/elurbanoweb.com.ar\/diario\/wp-json\/wp\/v2\/media?parent=66898"}],"wp:term":[{"taxonomy":"category","embeddable":true,"href":"http:\/\/elurbanoweb.com.ar\/diario\/wp-json\/wp\/v2\/categories?post=66898"},{"taxonomy":"post_tag","embeddable":true,"href":"http:\/\/elurbanoweb.com.ar\/diario\/wp-json\/wp\/v2\/tags?post=66898"}],"curies":[{"name":"wp","href":"https:\/\/api.w.org\/{rel}","templated":true}]}}